{"id":849,"date":"2026-02-07T19:57:46","date_gmt":"2026-02-07T18:57:46","guid":{"rendered":"https:\/\/kapliczkistrzeleckie.pl\/?p=849"},"modified":"2026-02-07T19:57:46","modified_gmt":"2026-02-07T18:57:46","slug":"siedlec-kapliczka-ul-wiejska","status":"publish","type":"post","link":"https:\/\/kapliczkistrzeleckie.pl\/?p=849","title":{"rendered":"Siedlec &#8211; kapliczka ul. Wiejska"},"content":{"rendered":"\n<p>W Siedlcu kapliczk\u0119 wiejsk\u0105 wybudowano w 1908 r. na posiad\u0142o\u015bci pa\u0144stwa Piechaczek. Jej patronem zosta\u0142 w\u0142a\u015bnie \u015bw. Florian, czczony przez wszystkim mieszka\u0144c\u00f3w wsi. Do czasu po\u015bwi\u0119cenia zaadoptowanego na ko\u015bci\u00f3\u0142 domu, odprawiano w niej nabo\u017ce\u0144stwa majowe, r\u00f3\u017ca\u0144cowe, a sporadycznie tak\u017ce msze \u015bwi\u0119te. Mocne bicie dzwon\u00f3w kapliczki oznajmia\u0142o \u015bmier\u0107 kogo\u015b spo\u015br\u00f3d mieszka\u0144c\u00f3w wioski. W niej tak\u017ce odbywa\u0142a si\u0119 modlitwa w intencji zmar\u0142ego.<\/p>\n\n\n\n<p>Obecnie nabo\u017ce\u0144stwa odprawiane s\u0105 w nowej kaplicy, jednak o wiekowej kapliczce \u015bw. Floriana nikt nie zapomnia\u0142, zawsze stoi ona otwarta dla wiernych.<\/p>\n\n\n\n<div class=\"wp-block-jetpack-slideshow aligncenter\" data-effect=\"slide\" style=\"--aspect-ratio:calc(683 \/ 1024)\"><div class=\"wp-block-jetpack-slideshow_container swiper\"><ul class=\"wp-block-jetpack-slideshow_swiper-wrapper swiper-wrapper\"><li class=\"wp-block-jetpack-slideshow_slide swiper-slide\"><figure><img loading=\"lazy\" decoding=\"async\" width=\"683\" height=\"1024\" alt=\"\" class=\"wp-block-jetpack-slideshow_image wp-image-850\" data-id=\"850\" data-aspect-ratio=\"683 \/ 1024\" src=\"https:\/\/kapliczkistrzeleckie.pl\/wp-content\/uploads\/2026\/02\/IMG_4500-683x1024.jpg\" srcset=\"https:\/\/kapliczkistrzeleckie.pl\/wp-content\/uploads\/2026\/02\/IMG_4500-683x1024.jpg 683w, https:\/\/kapliczkistrzeleckie.pl\/wp-content\/uploads\/2026\/02\/IMG_4500-200x300.jpg 200w, https:\/\/kapliczkistrzeleckie.pl\/wp-content\/uploads\/2026\/02\/IMG_4500-768x1152.jpg 768w, https:\/\/kapliczkistrzeleckie.pl\/wp-content\/uploads\/2026\/02\/IMG_4500-1024x1536.jpg 1024w, https:\/\/kapliczkistrzeleckie.pl\/wp-content\/uploads\/2026\/02\/IMG_4500.jpg 1280w\" sizes=\"(max-width: 683px) 100vw, 683px\" \/><\/figure><\/li><li class=\"wp-block-jetpack-slideshow_slide swiper-slide\"><figure><img loading=\"lazy\" decoding=\"async\" width=\"683\" height=\"1024\" alt=\"\" class=\"wp-block-jetpack-slideshow_image wp-image-853\" data-id=\"853\" data-aspect-ratio=\"683 \/ 1024\" src=\"https:\/\/kapliczkistrzeleckie.pl\/wp-content\/uploads\/2026\/02\/IMG_4505-683x1024.jpg\" srcset=\"https:\/\/kapliczkistrzeleckie.pl\/wp-content\/uploads\/2026\/02\/IMG_4505-683x1024.jpg 683w, https:\/\/kapliczkistrzeleckie.pl\/wp-content\/uploads\/2026\/02\/IMG_4505-200x300.jpg 200w, https:\/\/kapliczkistrzeleckie.pl\/wp-content\/uploads\/2026\/02\/IMG_4505-768x1152.jpg 768w, https:\/\/kapliczkistrzeleckie.pl\/wp-content\/uploads\/2026\/02\/IMG_4505-1024x1536.jpg 1024w, https:\/\/kapliczkistrzeleckie.pl\/wp-content\/uploads\/2026\/02\/IMG_4505.jpg 1280w\" sizes=\"(max-width: 683px) 100vw, 683px\" \/><\/figure><\/li><li class=\"wp-block-jetpack-slideshow_slide swiper-slide\"><figure><img loading=\"lazy\" decoding=\"async\" width=\"683\" height=\"1024\" alt=\"\" class=\"wp-block-jetpack-slideshow_image wp-image-852\" data-id=\"852\" data-aspect-ratio=\"683 \/ 1024\" src=\"https:\/\/kapliczkistrzeleckie.pl\/wp-content\/uploads\/2026\/02\/IMG_4507-683x1024.jpg\" srcset=\"https:\/\/kapliczkistrzeleckie.pl\/wp-content\/uploads\/2026\/02\/IMG_4507-683x1024.jpg 683w, https:\/\/kapliczkistrzeleckie.pl\/wp-content\/uploads\/2026\/02\/IMG_4507-200x300.jpg 200w, https:\/\/kapliczkistrzeleckie.pl\/wp-content\/uploads\/2026\/02\/IMG_4507-768x1152.jpg 768w, https:\/\/kapliczkistrzeleckie.pl\/wp-content\/uploads\/2026\/02\/IMG_4507-1024x1536.jpg 1024w, https:\/\/kapliczkistrzeleckie.pl\/wp-content\/uploads\/2026\/02\/IMG_4507.jpg 1280w\" sizes=\"(max-width: 683px) 100vw, 683px\" \/><\/figure><\/li><li class=\"wp-block-jetpack-slideshow_slide swiper-slide\"><figure><img loading=\"lazy\" decoding=\"async\" width=\"1024\" height=\"683\" alt=\"\" class=\"wp-block-jetpack-slideshow_image wp-image-851\" data-id=\"851\" data-aspect-ratio=\"1024 \/ 683\" src=\"https:\/\/kapliczkistrzeleckie.pl\/wp-content\/uploads\/2026\/02\/IMG_4508-1024x683.jpg\" srcset=\"https:\/\/kapliczkistrzeleckie.pl\/wp-content\/uploads\/2026\/02\/IMG_4508-1024x683.jpg 1024w, https:\/\/kapliczkistrzeleckie.pl\/wp-content\/uploads\/2026\/02\/IMG_4508-300x200.jpg 300w, https:\/\/kapliczkistrzeleckie.pl\/wp-content\/uploads\/2026\/02\/IMG_4508-768x512.jpg 768w, https:\/\/kapliczkistrzeleckie.pl\/wp-content\/uploads\/2026\/02\/IMG_4508-1536x1024.jpg 1536w, https:\/\/kapliczkistrzeleckie.pl\/wp-content\/uploads\/2026\/02\/IMG_4508.jpg 1920w\" sizes=\"(max-width: 1024px) 100vw, 1024px\" \/><\/figure><\/li><\/ul><a class=\"wp-block-jetpack-slideshow_button-prev swiper-button-prev swiper-button-white\" role=\"button\"><\/a><a class=\"wp-block-jetpack-slideshow_button-next swiper-button-next swiper-button-white\" role=\"button\"><\/a><a aria-label=\"Pause Slideshow\" class=\"wp-block-jetpack-slideshow_button-pause\" role=\"button\"><\/a><div class=\"wp-block-jetpack-slideshow_pagination swiper-pagination swiper-pagination-white\"><\/div><\/div><\/div>\n","protected":false},"excerpt":{"rendered":"<p>W Siedlcu kapliczk\u0119 wiejsk\u0105 wybudowano w 1908 r. na posiad\u0142o\u015bci pa\u0144stwa Piechaczek. Jej patronem zosta\u0142 w\u0142a\u015bnie \u015bw. Florian, czczony przez wszystkim mieszka\u0144c\u00f3w wsi. Do czasu po\u015bwi\u0119cenia zaadoptowanego na ko\u015bci\u00f3\u0142 domu, odprawiano w niej nabo\u017ce\u0144stwa majowe, r\u00f3\u017ca\u0144cowe, a sporadycznie tak\u017ce msze \u015bwi\u0119te. Mocne bicie dzwon\u00f3w kapliczki oznajmia\u0142o \u015bmier\u0107 kogo\u015b spo\u015br\u00f3d mieszka\u0144c\u00f3w wioski. W niej tak\u017ce odbywa\u0142a [&hellip;]<\/p>\n","protected":false},"author":2,"featured_media":851,"comment_status":"open","ping_status":"open","sticky":false,"template":"","format":"standard","meta":{"advanced_seo_description":"","jetpack_seo_html_title":"","jetpack_seo_noindex":false,"_jetpack_memberships_contains_paid_content":false,"footnotes":""},"categories":[7,47],"tags":[10,62,58],"class_list":["post-849","post","type-post","status-publish","format-standard","has-post-thumbnail","hentry","category-gmina-izbicko","category-siedlec","tag-kapliczka","tag-siedlec","tag-sw-florian"],"jetpack_featured_media_url":"https:\/\/kapliczkistrzeleckie.pl\/wp-content\/uploads\/2026\/02\/IMG_4508.jpg","jetpack_sharing_enabled":true,"_links":{"self":[{"href":"https:\/\/kapliczkistrzeleckie.pl\/index.php?rest_route=\/wp\/v2\/posts\/849","targetHints":{"allow":["GET"]}}],"collection":[{"href":"https:\/\/kapliczkistrzeleckie.pl\/index.php?rest_route=\/wp\/v2\/posts"}],"about":[{"href":"https:\/\/kapliczkistrzeleckie.pl\/index.php?rest_route=\/wp\/v2\/types\/post"}],"author":[{"embeddable":true,"href":"https:\/\/kapliczkistrzeleckie.pl\/index.php?rest_route=\/wp\/v2\/users\/2"}],"replies":[{"embeddable":true,"href":"https:\/\/kapliczkistrzeleckie.pl\/index.php?rest_route=%2Fwp%2Fv2%2Fcomments&post=849"}],"version-history":[{"count":1,"href":"https:\/\/kapliczkistrzeleckie.pl\/index.php?rest_route=\/wp\/v2\/posts\/849\/revisions"}],"predecessor-version":[{"id":854,"href":"https:\/\/kapliczkistrzeleckie.pl\/index.php?rest_route=\/wp\/v2\/posts\/849\/revisions\/854"}],"wp:featuredmedia":[{"embeddable":true,"href":"https:\/\/kapliczkistrzeleckie.pl\/index.php?rest_route=\/wp\/v2\/media\/851"}],"wp:attachment":[{"href":"https:\/\/kapliczkistrzeleckie.pl\/index.php?rest_route=%2Fwp%2Fv2%2Fmedia&parent=849"}],"wp:term":[{"taxonomy":"category","embeddable":true,"href":"https:\/\/kapliczkistrzeleckie.pl\/index.php?rest_route=%2Fwp%2Fv2%2Fcategories&post=849"},{"taxonomy":"post_tag","embeddable":true,"href":"https:\/\/kapliczkistrzeleckie.pl\/index.php?rest_route=%2Fwp%2Fv2%2Ftags&post=849"}],"curies":[{"name":"wp","href":"https:\/\/api.w.org\/{rel}","templated":true}]}}