{"id":842,"date":"2026-02-07T19:52:57","date_gmt":"2026-02-07T18:52:57","guid":{"rendered":"https:\/\/kapliczkistrzeleckie.pl\/?p=842"},"modified":"2026-02-07T19:52:57","modified_gmt":"2026-02-07T18:52:57","slug":"siedlec-figura-sw-floriana","status":"publish","type":"post","link":"https:\/\/kapliczkistrzeleckie.pl\/?p=842","title":{"rendered":"Siedlec &#8211; figura \u015bw. Floriana"},"content":{"rendered":"\n<p>W 1797 r. we wsi <strong>Siedlec<\/strong> wybuch\u0142 gro\u017any po\u017car. Cho\u0107 ogie\u0144 uda\u0142o si\u0119 ugasi\u0107, to jednak z jego powodu ucierpia\u0142a du\u017ca cz\u0119\u015b\u0107 wsi. Sp\u0142on\u0119\u0142o w\u00f3wczas wiele dom\u00f3w, budowanych z drewna lub kamienia, pokrytych s\u0142omian\u0105 strzech\u0105.<\/p>\n\n\n\n<p>W miejscu, w kt\u00f3rym opanowano ogie\u0144 stan\u0105\u0142 pos\u0105g \u015bw. Floriana. Z wdzi\u0119czno\u015bci, \u017ce uda\u0142o si\u0119 ocali\u0107 przynajmniej cz\u0119\u015b\u0107 miejscowo\u015bci, rodzina hrabiowska Larisch \u2013 Strachwitz ufundowa\u0142a pomnik ku czci patrona stra\u017cak\u00f3w. Od tego czasu, ka\u017cdego roku mieszka\u0144cy Siedlca wyruszaj\u0105 spod pomnika z procesj\u0105, aby dotrzyma\u0107 \u015blubowania z\u0142o\u017conego po wielkim po\u017carze.<\/p>\n\n\n\n<div class=\"wp-block-jetpack-slideshow aligncenter\" data-effect=\"slide\" style=\"--aspect-ratio:calc(683 \/ 1024)\"><div class=\"wp-block-jetpack-slideshow_container swiper\"><ul class=\"wp-block-jetpack-slideshow_swiper-wrapper swiper-wrapper\"><li class=\"wp-block-jetpack-slideshow_slide swiper-slide\"><figure><img loading=\"lazy\" decoding=\"async\" width=\"683\" height=\"1024\" alt=\"\" class=\"wp-block-jetpack-slideshow_image wp-image-847\" data-id=\"847\" data-aspect-ratio=\"683 \/ 1024\" src=\"https:\/\/kapliczkistrzeleckie.pl\/wp-content\/uploads\/2026\/02\/IMG_4474-683x1024.jpg\" srcset=\"https:\/\/kapliczkistrzeleckie.pl\/wp-content\/uploads\/2026\/02\/IMG_4474-683x1024.jpg 683w, https:\/\/kapliczkistrzeleckie.pl\/wp-content\/uploads\/2026\/02\/IMG_4474-200x300.jpg 200w, https:\/\/kapliczkistrzeleckie.pl\/wp-content\/uploads\/2026\/02\/IMG_4474-768x1152.jpg 768w, https:\/\/kapliczkistrzeleckie.pl\/wp-content\/uploads\/2026\/02\/IMG_4474-1024x1536.jpg 1024w, https:\/\/kapliczkistrzeleckie.pl\/wp-content\/uploads\/2026\/02\/IMG_4474.jpg 1280w\" sizes=\"(max-width: 683px) 100vw, 683px\" \/><\/figure><\/li><li class=\"wp-block-jetpack-slideshow_slide swiper-slide\"><figure><img loading=\"lazy\" decoding=\"async\" width=\"1024\" height=\"683\" alt=\"\" class=\"wp-block-jetpack-slideshow_image wp-image-846\" data-id=\"846\" data-aspect-ratio=\"1024 \/ 683\" src=\"https:\/\/kapliczkistrzeleckie.pl\/wp-content\/uploads\/2026\/02\/IMG_4477-1024x683.jpg\" srcset=\"https:\/\/kapliczkistrzeleckie.pl\/wp-content\/uploads\/2026\/02\/IMG_4477-1024x683.jpg 1024w, https:\/\/kapliczkistrzeleckie.pl\/wp-content\/uploads\/2026\/02\/IMG_4477-300x200.jpg 300w, https:\/\/kapliczkistrzeleckie.pl\/wp-content\/uploads\/2026\/02\/IMG_4477-768x512.jpg 768w, https:\/\/kapliczkistrzeleckie.pl\/wp-content\/uploads\/2026\/02\/IMG_4477-1536x1024.jpg 1536w, https:\/\/kapliczkistrzeleckie.pl\/wp-content\/uploads\/2026\/02\/IMG_4477.jpg 1920w\" sizes=\"(max-width: 1024px) 100vw, 1024px\" \/><\/figure><\/li><li class=\"wp-block-jetpack-slideshow_slide swiper-slide\"><figure><img loading=\"lazy\" decoding=\"async\" width=\"683\" height=\"1024\" alt=\"\" class=\"wp-block-jetpack-slideshow_image wp-image-844\" data-id=\"844\" data-aspect-ratio=\"683 \/ 1024\" src=\"https:\/\/kapliczkistrzeleckie.pl\/wp-content\/uploads\/2026\/02\/IMG_4479-683x1024.jpg\" srcset=\"https:\/\/kapliczkistrzeleckie.pl\/wp-content\/uploads\/2026\/02\/IMG_4479-683x1024.jpg 683w, https:\/\/kapliczkistrzeleckie.pl\/wp-content\/uploads\/2026\/02\/IMG_4479-200x300.jpg 200w, https:\/\/kapliczkistrzeleckie.pl\/wp-content\/uploads\/2026\/02\/IMG_4479-768x1152.jpg 768w, https:\/\/kapliczkistrzeleckie.pl\/wp-content\/uploads\/2026\/02\/IMG_4479-1024x1536.jpg 1024w, https:\/\/kapliczkistrzeleckie.pl\/wp-content\/uploads\/2026\/02\/IMG_4479.jpg 1280w\" sizes=\"(max-width: 683px) 100vw, 683px\" \/><\/figure><\/li><li class=\"wp-block-jetpack-slideshow_slide swiper-slide\"><figure><img loading=\"lazy\" decoding=\"async\" width=\"683\" height=\"1024\" alt=\"\" class=\"wp-block-jetpack-slideshow_image wp-image-843\" data-id=\"843\" data-aspect-ratio=\"683 \/ 1024\" src=\"https:\/\/kapliczkistrzeleckie.pl\/wp-content\/uploads\/2026\/02\/IMG_4480-683x1024.jpg\" srcset=\"https:\/\/kapliczkistrzeleckie.pl\/wp-content\/uploads\/2026\/02\/IMG_4480-683x1024.jpg 683w, https:\/\/kapliczkistrzeleckie.pl\/wp-content\/uploads\/2026\/02\/IMG_4480-200x300.jpg 200w, https:\/\/kapliczkistrzeleckie.pl\/wp-content\/uploads\/2026\/02\/IMG_4480-768x1152.jpg 768w, https:\/\/kapliczkistrzeleckie.pl\/wp-content\/uploads\/2026\/02\/IMG_4480-1024x1536.jpg 1024w, https:\/\/kapliczkistrzeleckie.pl\/wp-content\/uploads\/2026\/02\/IMG_4480.jpg 1280w\" sizes=\"(max-width: 683px) 100vw, 683px\" \/><\/figure><\/li><li class=\"wp-block-jetpack-slideshow_slide swiper-slide\"><figure><img loading=\"lazy\" decoding=\"async\" width=\"1024\" height=\"683\" alt=\"\" class=\"wp-block-jetpack-slideshow_image wp-image-845\" data-id=\"845\" data-aspect-ratio=\"1024 \/ 683\" src=\"https:\/\/kapliczkistrzeleckie.pl\/wp-content\/uploads\/2026\/02\/IMG_4482-1024x683.jpg\" srcset=\"https:\/\/kapliczkistrzeleckie.pl\/wp-content\/uploads\/2026\/02\/IMG_4482-1024x683.jpg 1024w, https:\/\/kapliczkistrzeleckie.pl\/wp-content\/uploads\/2026\/02\/IMG_4482-300x200.jpg 300w, https:\/\/kapliczkistrzeleckie.pl\/wp-content\/uploads\/2026\/02\/IMG_4482-768x512.jpg 768w, https:\/\/kapliczkistrzeleckie.pl\/wp-content\/uploads\/2026\/02\/IMG_4482-1536x1024.jpg 1536w, https:\/\/kapliczkistrzeleckie.pl\/wp-content\/uploads\/2026\/02\/IMG_4482.jpg 1920w\" sizes=\"(max-width: 1024px) 100vw, 1024px\" \/><\/figure><\/li><\/ul><a class=\"wp-block-jetpack-slideshow_button-prev swiper-button-prev swiper-button-white\" role=\"button\"><\/a><a class=\"wp-block-jetpack-slideshow_button-next swiper-button-next swiper-button-white\" role=\"button\"><\/a><a aria-label=\"Pause Slideshow\" class=\"wp-block-jetpack-slideshow_button-pause\" role=\"button\"><\/a><div class=\"wp-block-jetpack-slideshow_pagination swiper-pagination swiper-pagination-white\"><\/div><\/div><\/div>\n","protected":false},"excerpt":{"rendered":"<p>W 1797 r. we wsi Siedlec wybuch\u0142 gro\u017any po\u017car. Cho\u0107 ogie\u0144 uda\u0142o si\u0119 ugasi\u0107, to jednak z jego powodu ucierpia\u0142a du\u017ca cz\u0119\u015b\u0107 wsi. Sp\u0142on\u0119\u0142o w\u00f3wczas wiele dom\u00f3w, budowanych z drewna lub kamienia, pokrytych s\u0142omian\u0105 strzech\u0105. W miejscu, w kt\u00f3rym opanowano ogie\u0144 stan\u0105\u0142 pos\u0105g \u015bw. Floriana. Z wdzi\u0119czno\u015bci, \u017ce uda\u0142o si\u0119 ocali\u0107 przynajmniej cz\u0119\u015b\u0107 miejscowo\u015bci, rodzina [&hellip;]<\/p>\n","protected":false},"author":2,"featured_media":845,"comment_status":"open","ping_status":"open","sticky":false,"template":"","format":"standard","meta":{"advanced_seo_description":"","jetpack_seo_html_title":"","jetpack_seo_noindex":false,"_jetpack_memberships_contains_paid_content":false,"footnotes":""},"categories":[7,47],"tags":[22,62,58],"class_list":["post-842","post","type-post","status-publish","format-standard","has-post-thumbnail","hentry","category-gmina-izbicko","category-siedlec","tag-figura","tag-siedlec","tag-sw-florian"],"jetpack_featured_media_url":"https:\/\/kapliczkistrzeleckie.pl\/wp-content\/uploads\/2026\/02\/IMG_4482.jpg","jetpack_sharing_enabled":true,"_links":{"self":[{"href":"https:\/\/kapliczkistrzeleckie.pl\/index.php?rest_route=\/wp\/v2\/posts\/842","targetHints":{"allow":["GET"]}}],"collection":[{"href":"https:\/\/kapliczkistrzeleckie.pl\/index.php?rest_route=\/wp\/v2\/posts"}],"about":[{"href":"https:\/\/kapliczkistrzeleckie.pl\/index.php?rest_route=\/wp\/v2\/types\/post"}],"author":[{"embeddable":true,"href":"https:\/\/kapliczkistrzeleckie.pl\/index.php?rest_route=\/wp\/v2\/users\/2"}],"replies":[{"embeddable":true,"href":"https:\/\/kapliczkistrzeleckie.pl\/index.php?rest_route=%2Fwp%2Fv2%2Fcomments&post=842"}],"version-history":[{"count":1,"href":"https:\/\/kapliczkistrzeleckie.pl\/index.php?rest_route=\/wp\/v2\/posts\/842\/revisions"}],"predecessor-version":[{"id":848,"href":"https:\/\/kapliczkistrzeleckie.pl\/index.php?rest_route=\/wp\/v2\/posts\/842\/revisions\/848"}],"wp:featuredmedia":[{"embeddable":true,"href":"https:\/\/kapliczkistrzeleckie.pl\/index.php?rest_route=\/wp\/v2\/media\/845"}],"wp:attachment":[{"href":"https:\/\/kapliczkistrzeleckie.pl\/index.php?rest_route=%2Fwp%2Fv2%2Fmedia&parent=842"}],"wp:term":[{"taxonomy":"category","embeddable":true,"href":"https:\/\/kapliczkistrzeleckie.pl\/index.php?rest_route=%2Fwp%2Fv2%2Fcategories&post=842"},{"taxonomy":"post_tag","embeddable":true,"href":"https:\/\/kapliczkistrzeleckie.pl\/index.php?rest_route=%2Fwp%2Fv2%2Ftags&post=842"}],"curies":[{"name":"wp","href":"https:\/\/api.w.org\/{rel}","templated":true}]}}