{"id":822,"date":"2026-02-07T19:40:31","date_gmt":"2026-02-07T18:40:31","guid":{"rendered":"https:\/\/kapliczkistrzeleckie.pl\/?p=822"},"modified":"2026-02-07T19:40:31","modified_gmt":"2026-02-07T18:40:31","slug":"otmice-wiezyczka","status":"publish","type":"post","link":"https:\/\/kapliczkistrzeleckie.pl\/?p=822","title":{"rendered":"Otmice &#8211; wie\u017cyczka"},"content":{"rendered":"\n<p>Obiekt niezwyk\u0142y &#8211; jedyny w swoim rodzaju. Trudno te\u017c ustali\u0107 prawdziw\u0105 histori\u0119 obiektu. To co uda\u0142o si\u0119 zebra\u0107 umieszczam ale raczej jako ciekawostk\u0119 a nie prawdziw\u0105 histori\u0119.<\/p>\n\n\n\n<p>\u201eWie\u017cyczka\u201d to okryty tajemnic\u0105 obiekt, kt\u00f3ry stoi na terenie le\u015bnicz\u00f3wki. Zbudowana jest z kamienia i otynkowana. Ma kszta\u0142t o\u015bmio\u015bciennego s\u0142upa. Na \u00be jej wysoko\u015bci znajduje si\u0119 gzyms prosty, powy\u017cej kt\u00f3rego widoczne s\u0105 4 \u015bcianki z otworami \u2013 niszami \u2013 owalnego kszta\u0142tu. Nad nim widnieje taki sam gzyms i p\u00f3\u0142okr\u0105g\u0142e zadaszenie \u2013 kopu\u0142a w kszta\u0142cie czapki tatarskiej.<\/p>\n\n\n\n<p>Pochodzenie kapliczki jest niewyja\u015bnione, co spowodowa\u0142o, \u017ce na temat jej powstaniu kr\u0105\u017c\u0105 r\u00f3\u017cne legendy. Jedna z nich g\u0142osi, \u017ce jest to pomnik poleg\u0142ych w XIII w. wojownik\u00f3w tatarskich Przeniesiona zosta\u0142 prawdopodobnie z cmentarza tatarskiego znajduj\u0105cego si\u0119 w lesie. Osiem \u015bcian s\u0142upa ma symbolizowa\u0107 8 poleg\u0142ych wojownik\u00f3w tatarskich.<\/p>\n\n\n\n<p>Inne podanie g\u0142osi, \u017ce kapliczka pochodzi z okresu wojen napoleo\u0144skich. Spoczywa\u0107 maj\u0105 pod ni\u0105 \u017co\u0142nierze francuscy, kt\u00f3rzy zmarli w tych okolicach w czasie odwrotu wojsk napoleo\u0144skich spod Moskwy.<\/p>\n\n\n\n<p>Jeszcze inna informacja wi\u0105\u017ce powstanie obiektu z wojn\u0105 30-letni\u0105 (1618-1648). Wed\u0142ug niej spoczywaj\u0105 w miejscu, w kt\u00f3rym stoi s\u0142up, \u017co\u0142nierze z armii protestanckiej, kt\u00f3ra przez te tereny maszerowa\u0142a na W\u0119gry pod dow\u00f3dztwem Mansfelda.<\/p>\n\n\n\n<div class=\"wp-block-jetpack-slideshow aligncenter\" data-effect=\"slide\" style=\"--aspect-ratio:calc(1024 \/ 683)\"><div class=\"wp-block-jetpack-slideshow_container swiper\"><ul class=\"wp-block-jetpack-slideshow_swiper-wrapper swiper-wrapper\"><li class=\"wp-block-jetpack-slideshow_slide swiper-slide\"><figure><img loading=\"lazy\" decoding=\"async\" width=\"1024\" height=\"683\" alt=\"\" class=\"wp-block-jetpack-slideshow_image wp-image-826\" data-id=\"826\" data-aspect-ratio=\"1024 \/ 683\" src=\"https:\/\/kapliczkistrzeleckie.pl\/wp-content\/uploads\/2026\/02\/IMG_3183-1024x683.jpg\" srcset=\"https:\/\/kapliczkistrzeleckie.pl\/wp-content\/uploads\/2026\/02\/IMG_3183-1024x683.jpg 1024w, https:\/\/kapliczkistrzeleckie.pl\/wp-content\/uploads\/2026\/02\/IMG_3183-300x200.jpg 300w, https:\/\/kapliczkistrzeleckie.pl\/wp-content\/uploads\/2026\/02\/IMG_3183-768x512.jpg 768w, https:\/\/kapliczkistrzeleckie.pl\/wp-content\/uploads\/2026\/02\/IMG_3183-1536x1024.jpg 1536w, https:\/\/kapliczkistrzeleckie.pl\/wp-content\/uploads\/2026\/02\/IMG_3183.jpg 1920w\" sizes=\"(max-width: 1024px) 100vw, 1024px\" \/><\/figure><\/li><li class=\"wp-block-jetpack-slideshow_slide swiper-slide\"><figure><img loading=\"lazy\" decoding=\"async\" width=\"683\" height=\"1024\" alt=\"\" class=\"wp-block-jetpack-slideshow_image wp-image-825\" data-id=\"825\" data-aspect-ratio=\"683 \/ 1024\" src=\"https:\/\/kapliczkistrzeleckie.pl\/wp-content\/uploads\/2026\/02\/IMG_4455-683x1024.jpg\" srcset=\"https:\/\/kapliczkistrzeleckie.pl\/wp-content\/uploads\/2026\/02\/IMG_4455-683x1024.jpg 683w, https:\/\/kapliczkistrzeleckie.pl\/wp-content\/uploads\/2026\/02\/IMG_4455-200x300.jpg 200w, https:\/\/kapliczkistrzeleckie.pl\/wp-content\/uploads\/2026\/02\/IMG_4455-768x1152.jpg 768w, https:\/\/kapliczkistrzeleckie.pl\/wp-content\/uploads\/2026\/02\/IMG_4455-1024x1536.jpg 1024w, https:\/\/kapliczkistrzeleckie.pl\/wp-content\/uploads\/2026\/02\/IMG_4455.jpg 1280w\" sizes=\"(max-width: 683px) 100vw, 683px\" \/><\/figure><\/li><li class=\"wp-block-jetpack-slideshow_slide swiper-slide\"><figure><img loading=\"lazy\" decoding=\"async\" width=\"683\" height=\"1024\" alt=\"\" class=\"wp-block-jetpack-slideshow_image wp-image-824\" data-id=\"824\" data-aspect-ratio=\"683 \/ 1024\" src=\"https:\/\/kapliczkistrzeleckie.pl\/wp-content\/uploads\/2026\/02\/IMG_4458-683x1024.jpg\" srcset=\"https:\/\/kapliczkistrzeleckie.pl\/wp-content\/uploads\/2026\/02\/IMG_4458-683x1024.jpg 683w, https:\/\/kapliczkistrzeleckie.pl\/wp-content\/uploads\/2026\/02\/IMG_4458-200x300.jpg 200w, https:\/\/kapliczkistrzeleckie.pl\/wp-content\/uploads\/2026\/02\/IMG_4458-768x1152.jpg 768w, https:\/\/kapliczkistrzeleckie.pl\/wp-content\/uploads\/2026\/02\/IMG_4458-1024x1536.jpg 1024w, https:\/\/kapliczkistrzeleckie.pl\/wp-content\/uploads\/2026\/02\/IMG_4458.jpg 1280w\" sizes=\"(max-width: 683px) 100vw, 683px\" \/><\/figure><\/li><li class=\"wp-block-jetpack-slideshow_slide swiper-slide\"><figure><img loading=\"lazy\" decoding=\"async\" width=\"683\" height=\"1024\" alt=\"\" class=\"wp-block-jetpack-slideshow_image wp-image-823\" data-id=\"823\" data-aspect-ratio=\"683 \/ 1024\" src=\"https:\/\/kapliczkistrzeleckie.pl\/wp-content\/uploads\/2026\/02\/IMG_4459-683x1024.jpg\" srcset=\"https:\/\/kapliczkistrzeleckie.pl\/wp-content\/uploads\/2026\/02\/IMG_4459-683x1024.jpg 683w, https:\/\/kapliczkistrzeleckie.pl\/wp-content\/uploads\/2026\/02\/IMG_4459-200x300.jpg 200w, https:\/\/kapliczkistrzeleckie.pl\/wp-content\/uploads\/2026\/02\/IMG_4459-768x1152.jpg 768w, https:\/\/kapliczkistrzeleckie.pl\/wp-content\/uploads\/2026\/02\/IMG_4459-1024x1536.jpg 1024w, https:\/\/kapliczkistrzeleckie.pl\/wp-content\/uploads\/2026\/02\/IMG_4459.jpg 1280w\" sizes=\"(max-width: 683px) 100vw, 683px\" \/><\/figure><\/li><\/ul><a class=\"wp-block-jetpack-slideshow_button-prev swiper-button-prev swiper-button-white\" role=\"button\"><\/a><a class=\"wp-block-jetpack-slideshow_button-next swiper-button-next swiper-button-white\" role=\"button\"><\/a><a aria-label=\"Pause Slideshow\" class=\"wp-block-jetpack-slideshow_button-pause\" role=\"button\"><\/a><div class=\"wp-block-jetpack-slideshow_pagination swiper-pagination swiper-pagination-white\"><\/div><\/div><\/div>\n","protected":false},"excerpt":{"rendered":"<p>Obiekt niezwyk\u0142y &#8211; jedyny w swoim rodzaju. Trudno te\u017c ustali\u0107 prawdziw\u0105 histori\u0119 obiektu. To co uda\u0142o si\u0119 zebra\u0107 umieszczam ale raczej jako ciekawostk\u0119 a nie prawdziw\u0105 histori\u0119. \u201eWie\u017cyczka\u201d to okryty tajemnic\u0105 obiekt, kt\u00f3ry stoi na terenie le\u015bnicz\u00f3wki. Zbudowana jest z kamienia i otynkowana. Ma kszta\u0142t o\u015bmio\u015bciennego s\u0142upa. Na \u00be jej wysoko\u015bci znajduje si\u0119 gzyms prosty, [&hellip;]<\/p>\n","protected":false},"author":2,"featured_media":826,"comment_status":"open","ping_status":"open","sticky":false,"template":"","format":"standard","meta":{"advanced_seo_description":"","jetpack_seo_html_title":"","jetpack_seo_noindex":false,"_jetpack_memberships_contains_paid_content":false,"footnotes":""},"categories":[7,45],"tags":[59,60],"class_list":["post-822","post","type-post","status-publish","format-standard","has-post-thumbnail","hentry","category-gmina-izbicko","category-otmice","tag-otmice","tag-wiezyczka"],"jetpack_featured_media_url":"https:\/\/kapliczkistrzeleckie.pl\/wp-content\/uploads\/2026\/02\/IMG_3183.jpg","jetpack_sharing_enabled":true,"_links":{"self":[{"href":"https:\/\/kapliczkistrzeleckie.pl\/index.php?rest_route=\/wp\/v2\/posts\/822","targetHints":{"allow":["GET"]}}],"collection":[{"href":"https:\/\/kapliczkistrzeleckie.pl\/index.php?rest_route=\/wp\/v2\/posts"}],"about":[{"href":"https:\/\/kapliczkistrzeleckie.pl\/index.php?rest_route=\/wp\/v2\/types\/post"}],"author":[{"embeddable":true,"href":"https:\/\/kapliczkistrzeleckie.pl\/index.php?rest_route=\/wp\/v2\/users\/2"}],"replies":[{"embeddable":true,"href":"https:\/\/kapliczkistrzeleckie.pl\/index.php?rest_route=%2Fwp%2Fv2%2Fcomments&post=822"}],"version-history":[{"count":1,"href":"https:\/\/kapliczkistrzeleckie.pl\/index.php?rest_route=\/wp\/v2\/posts\/822\/revisions"}],"predecessor-version":[{"id":827,"href":"https:\/\/kapliczkistrzeleckie.pl\/index.php?rest_route=\/wp\/v2\/posts\/822\/revisions\/827"}],"wp:featuredmedia":[{"embeddable":true,"href":"https:\/\/kapliczkistrzeleckie.pl\/index.php?rest_route=\/wp\/v2\/media\/826"}],"wp:attachment":[{"href":"https:\/\/kapliczkistrzeleckie.pl\/index.php?rest_route=%2Fwp%2Fv2%2Fmedia&parent=822"}],"wp:term":[{"taxonomy":"category","embeddable":true,"href":"https:\/\/kapliczkistrzeleckie.pl\/index.php?rest_route=%2Fwp%2Fv2%2Fcategories&post=822"},{"taxonomy":"post_tag","embeddable":true,"href":"https:\/\/kapliczkistrzeleckie.pl\/index.php?rest_route=%2Fwp%2Fv2%2Ftags&post=822"}],"curies":[{"name":"wp","href":"https:\/\/api.w.org\/{rel}","templated":true}]}}