{"id":816,"date":"2026-02-07T19:35:01","date_gmt":"2026-02-07T18:35:01","guid":{"rendered":"https:\/\/kapliczkistrzeleckie.pl\/?p=816"},"modified":"2026-02-07T19:35:01","modified_gmt":"2026-02-07T18:35:01","slug":"otmice-krzyz-w-lesie","status":"publish","type":"post","link":"https:\/\/kapliczkistrzeleckie.pl\/?p=816","title":{"rendered":"Otmice &#8211; krzy\u017c w lesie"},"content":{"rendered":"\n<p>Za przejazdem kolejowym, po prawej stronie drogi prowadz\u0105cej do Siedlca stoi drewniany krzy\u017c. Wed\u0142ug informacji uzyskanych od mieszka\u0144c\u00f3w, prawdopodobnie upami\u0119tnia on zbrodni\u0119 dokonan\u0105 na le\u015bniczym z Otmic Antonie Skworzu w miejscu po\u0142o\u017conym ok. 500 m. na zach\u00f3d od krzy\u017ca..<\/p>\n\n\n\n<p>&nbsp;&nbsp;&nbsp;&nbsp;&nbsp;&nbsp;&nbsp; Z t\u0105 postaci\u0105 wi\u0105\u017ce si\u0119 jeszcze inne miejsce lokalnej pami\u0119ci, a mianowicie tzw. \u201e<em>kamie\u0144 Antona Skworza<\/em>\u201d. Ogrodzony drewnianym p\u0142otkiem le\u017cy \u00f3w kamie\u0144 po prawej stronie le\u015bnej drogi prowadz\u0105cej do Kamienia \u015al\u0105skiego. Pochodzi z 1920 r., na co wskazuje wyryty na nim napis: \u201e<em>Anton Skworz, le\u015bniczy. W dniu 23.03.1920 r. podczas wiernego spe\u0142niania obowi\u0105zku od skrytob\u00f3jcy poleg\u0142y<\/em>\u201d. \u00d3wczesny hrabia Strachwitz z Kamienia \u015al\u0105skiego, u kt\u00f3rego s\u0142uzy\u0142 A. Skworz, kaza\u0142 postawi\u0107 w tym miejscu kamie\u0144.<\/p>\n\n\n\n<div class=\"wp-block-jetpack-slideshow aligncenter\" data-effect=\"slide\" style=\"--aspect-ratio:calc(683 \/ 1024)\"><div class=\"wp-block-jetpack-slideshow_container swiper\"><ul class=\"wp-block-jetpack-slideshow_swiper-wrapper swiper-wrapper\"><li class=\"wp-block-jetpack-slideshow_slide swiper-slide\"><figure><img loading=\"lazy\" decoding=\"async\" width=\"683\" height=\"1024\" alt=\"\" class=\"wp-block-jetpack-slideshow_image wp-image-817\" data-id=\"817\" data-aspect-ratio=\"683 \/ 1024\" src=\"https:\/\/kapliczkistrzeleckie.pl\/wp-content\/uploads\/2026\/02\/IMG_4461-683x1024.jpg\" srcset=\"https:\/\/kapliczkistrzeleckie.pl\/wp-content\/uploads\/2026\/02\/IMG_4461-683x1024.jpg 683w, https:\/\/kapliczkistrzeleckie.pl\/wp-content\/uploads\/2026\/02\/IMG_4461-200x300.jpg 200w, https:\/\/kapliczkistrzeleckie.pl\/wp-content\/uploads\/2026\/02\/IMG_4461-768x1152.jpg 768w, https:\/\/kapliczkistrzeleckie.pl\/wp-content\/uploads\/2026\/02\/IMG_4461-1024x1536.jpg 1024w, https:\/\/kapliczkistrzeleckie.pl\/wp-content\/uploads\/2026\/02\/IMG_4461.jpg 1280w\" sizes=\"(max-width: 683px) 100vw, 683px\" \/><\/figure><\/li><li class=\"wp-block-jetpack-slideshow_slide swiper-slide\"><figure><img loading=\"lazy\" decoding=\"async\" width=\"1024\" height=\"683\" alt=\"\" class=\"wp-block-jetpack-slideshow_image wp-image-820\" data-id=\"820\" data-aspect-ratio=\"1024 \/ 683\" src=\"https:\/\/kapliczkistrzeleckie.pl\/wp-content\/uploads\/2026\/02\/IMG_4464-1024x683.jpg\" srcset=\"https:\/\/kapliczkistrzeleckie.pl\/wp-content\/uploads\/2026\/02\/IMG_4464-1024x683.jpg 1024w, https:\/\/kapliczkistrzeleckie.pl\/wp-content\/uploads\/2026\/02\/IMG_4464-300x200.jpg 300w, https:\/\/kapliczkistrzeleckie.pl\/wp-content\/uploads\/2026\/02\/IMG_4464-768x512.jpg 768w, https:\/\/kapliczkistrzeleckie.pl\/wp-content\/uploads\/2026\/02\/IMG_4464-1536x1024.jpg 1536w, https:\/\/kapliczkistrzeleckie.pl\/wp-content\/uploads\/2026\/02\/IMG_4464.jpg 1920w\" sizes=\"(max-width: 1024px) 100vw, 1024px\" \/><\/figure><\/li><li class=\"wp-block-jetpack-slideshow_slide swiper-slide\"><figure><img loading=\"lazy\" decoding=\"async\" width=\"1024\" height=\"683\" alt=\"\" class=\"wp-block-jetpack-slideshow_image wp-image-819\" data-id=\"819\" data-aspect-ratio=\"1024 \/ 683\" src=\"https:\/\/kapliczkistrzeleckie.pl\/wp-content\/uploads\/2026\/02\/IMG_4465-1024x683.jpg\" srcset=\"https:\/\/kapliczkistrzeleckie.pl\/wp-content\/uploads\/2026\/02\/IMG_4465-1024x683.jpg 1024w, https:\/\/kapliczkistrzeleckie.pl\/wp-content\/uploads\/2026\/02\/IMG_4465-300x200.jpg 300w, https:\/\/kapliczkistrzeleckie.pl\/wp-content\/uploads\/2026\/02\/IMG_4465-768x512.jpg 768w, https:\/\/kapliczkistrzeleckie.pl\/wp-content\/uploads\/2026\/02\/IMG_4465-1536x1024.jpg 1536w, https:\/\/kapliczkistrzeleckie.pl\/wp-content\/uploads\/2026\/02\/IMG_4465.jpg 1920w\" sizes=\"(max-width: 1024px) 100vw, 1024px\" \/><\/figure><\/li><li class=\"wp-block-jetpack-slideshow_slide swiper-slide\"><figure><img loading=\"lazy\" decoding=\"async\" width=\"683\" height=\"1024\" alt=\"\" class=\"wp-block-jetpack-slideshow_image wp-image-818\" data-id=\"818\" data-aspect-ratio=\"683 \/ 1024\" src=\"https:\/\/kapliczkistrzeleckie.pl\/wp-content\/uploads\/2026\/02\/IMG_4466-683x1024.jpg\" srcset=\"https:\/\/kapliczkistrzeleckie.pl\/wp-content\/uploads\/2026\/02\/IMG_4466-683x1024.jpg 683w, https:\/\/kapliczkistrzeleckie.pl\/wp-content\/uploads\/2026\/02\/IMG_4466-200x300.jpg 200w, https:\/\/kapliczkistrzeleckie.pl\/wp-content\/uploads\/2026\/02\/IMG_4466-768x1152.jpg 768w, https:\/\/kapliczkistrzeleckie.pl\/wp-content\/uploads\/2026\/02\/IMG_4466-1024x1536.jpg 1024w, https:\/\/kapliczkistrzeleckie.pl\/wp-content\/uploads\/2026\/02\/IMG_4466.jpg 1280w\" sizes=\"(max-width: 683px) 100vw, 683px\" \/><\/figure><\/li><\/ul><a class=\"wp-block-jetpack-slideshow_button-prev swiper-button-prev swiper-button-white\" role=\"button\"><\/a><a class=\"wp-block-jetpack-slideshow_button-next swiper-button-next swiper-button-white\" role=\"button\"><\/a><a aria-label=\"Pause Slideshow\" class=\"wp-block-jetpack-slideshow_button-pause\" role=\"button\"><\/a><div class=\"wp-block-jetpack-slideshow_pagination swiper-pagination swiper-pagination-white\"><\/div><\/div><\/div>\n\n\n\n<p><\/p>\n","protected":false},"excerpt":{"rendered":"<p>Za przejazdem kolejowym, po prawej stronie drogi prowadz\u0105cej do Siedlca stoi drewniany krzy\u017c. Wed\u0142ug informacji uzyskanych od mieszka\u0144c\u00f3w, prawdopodobnie upami\u0119tnia on zbrodni\u0119 dokonan\u0105 na le\u015bniczym z Otmic Antonie Skworzu w miejscu po\u0142o\u017conym ok. 500 m. na zach\u00f3d od krzy\u017ca.. &nbsp;&nbsp;&nbsp;&nbsp;&nbsp;&nbsp;&nbsp; Z t\u0105 postaci\u0105 wi\u0105\u017ce si\u0119 jeszcze inne miejsce lokalnej pami\u0119ci, a mianowicie tzw. \u201ekamie\u0144 Antona [&hellip;]<\/p>\n","protected":false},"author":2,"featured_media":819,"comment_status":"open","ping_status":"open","sticky":false,"template":"","format":"standard","meta":{"advanced_seo_description":"","jetpack_seo_html_title":"","jetpack_seo_noindex":false,"_jetpack_memberships_contains_paid_content":false,"footnotes":""},"categories":[7,45],"tags":[5,59],"class_list":["post-816","post","type-post","status-publish","format-standard","has-post-thumbnail","hentry","category-gmina-izbicko","category-otmice","tag-krzyz","tag-otmice"],"jetpack_featured_media_url":"https:\/\/kapliczkistrzeleckie.pl\/wp-content\/uploads\/2026\/02\/IMG_4465.jpg","jetpack_sharing_enabled":true,"_links":{"self":[{"href":"https:\/\/kapliczkistrzeleckie.pl\/index.php?rest_route=\/wp\/v2\/posts\/816","targetHints":{"allow":["GET"]}}],"collection":[{"href":"https:\/\/kapliczkistrzeleckie.pl\/index.php?rest_route=\/wp\/v2\/posts"}],"about":[{"href":"https:\/\/kapliczkistrzeleckie.pl\/index.php?rest_route=\/wp\/v2\/types\/post"}],"author":[{"embeddable":true,"href":"https:\/\/kapliczkistrzeleckie.pl\/index.php?rest_route=\/wp\/v2\/users\/2"}],"replies":[{"embeddable":true,"href":"https:\/\/kapliczkistrzeleckie.pl\/index.php?rest_route=%2Fwp%2Fv2%2Fcomments&post=816"}],"version-history":[{"count":1,"href":"https:\/\/kapliczkistrzeleckie.pl\/index.php?rest_route=\/wp\/v2\/posts\/816\/revisions"}],"predecessor-version":[{"id":821,"href":"https:\/\/kapliczkistrzeleckie.pl\/index.php?rest_route=\/wp\/v2\/posts\/816\/revisions\/821"}],"wp:featuredmedia":[{"embeddable":true,"href":"https:\/\/kapliczkistrzeleckie.pl\/index.php?rest_route=\/wp\/v2\/media\/819"}],"wp:attachment":[{"href":"https:\/\/kapliczkistrzeleckie.pl\/index.php?rest_route=%2Fwp%2Fv2%2Fmedia&parent=816"}],"wp:term":[{"taxonomy":"category","embeddable":true,"href":"https:\/\/kapliczkistrzeleckie.pl\/index.php?rest_route=%2Fwp%2Fv2%2Fcategories&post=816"},{"taxonomy":"post_tag","embeddable":true,"href":"https:\/\/kapliczkistrzeleckie.pl\/index.php?rest_route=%2Fwp%2Fv2%2Ftags&post=816"}],"curies":[{"name":"wp","href":"https:\/\/api.w.org\/{rel}","templated":true}]}}