{"id":809,"date":"2026-02-07T19:31:06","date_gmt":"2026-02-07T18:31:06","guid":{"rendered":"https:\/\/kapliczkistrzeleckie.pl\/?p=809"},"modified":"2026-02-07T19:31:06","modified_gmt":"2026-02-07T18:31:06","slug":"otmice-krzyz-przy-ulicy-klonowej-kosciuszki","status":"publish","type":"post","link":"https:\/\/kapliczkistrzeleckie.pl\/?p=809","title":{"rendered":"Otmice &#8211; krzy\u017c przy ulicy Klonowej\/Ko\u015bciuszki"},"content":{"rendered":"\n<p>Na skrzy\u017cowaniu dr\u00f3g Klonowej i Ko\u015bciuszki stoi betonowy krzy\u017c. Jak powiadaj\u0105 mieszka\u0144cy wsi stoi tam od niepami\u0119tnych czas\u00f3w. Pierwotnie by\u0142 to krzy\u017c drewniany, ogrodzony p\u0142otkiem i sta\u0142 w miejscu, gdzie dzisiaj rosn\u0105 r\u00f3\u017ce. W 1929 r. zast\u0105piono go granitowym, wykonanym przez p. Lik\u0119 \u2013 kamieniarza z Izbicka, a jego fundatorem by\u0142a Kasa Wiejska w Otmicach. Na krzy\u017cu wyryto napis w j\u0119zyku niemieckim: \u201e<em>Mein Jesus Barmherzigkait<\/em>\u201d \u2013 \u201e<em>M\u00f3j Jezu mi\u0142osierdzia<\/em>\u201d. W czasie budowy lotniska w kamieniu \u015al\u0105skim, na pocz\u0105tku II wojny \u015bwiatowej, krzy\u017c uszkodzi\u0142 przeje\u017cd\u017caj\u0105cy przez Otmice ci\u0105gnik z d\u0142u\u017cnic\u0105 (element do budowy hangar\u00f3w i barak\u00f3w). Reszt\u0119 krzy\u017ca postanowiono rozebra\u0107, a jego elementy trafi\u0142y do gospodarstwa p. J. Gizy, gdzie przele\u017ca\u0142y wiele lat. Zar\u00f3wno w czasie wojny, jak i po jej zako\u0144czeniu gospodarz nie uzyska\u0142 pozwolenia w\u0142adz na jego odbudowanie. Stosowna zgoda uzyskana zosta\u0142a dopiero w 1951 r., ale pod warunkiem, \u017ce krzy\u017c nie stanie na skrzy\u017cowaniu dr\u00f3g oraz \u017ce zostanie z niego usuni\u0119ty napis w j\u0119zyku niemieckim. Rolnik J.Giza zdecydowa\u0142 si\u0119 wi\u0119c postawi\u0107 krzy\u017c na swojej posesji, tu\u017c obok skrzy\u017cowania.<\/p>\n\n\n\n<div class=\"wp-block-jetpack-slideshow aligncenter\" data-effect=\"slide\" style=\"--aspect-ratio:calc(683 \/ 1024)\"><div class=\"wp-block-jetpack-slideshow_container swiper\"><ul class=\"wp-block-jetpack-slideshow_swiper-wrapper swiper-wrapper\"><li class=\"wp-block-jetpack-slideshow_slide swiper-slide\"><figure><img loading=\"lazy\" decoding=\"async\" width=\"683\" height=\"1024\" alt=\"\" class=\"wp-block-jetpack-slideshow_image wp-image-813\" data-id=\"813\" data-aspect-ratio=\"683 \/ 1024\" src=\"https:\/\/kapliczkistrzeleckie.pl\/wp-content\/uploads\/2026\/02\/IMG_4436-683x1024.jpg\" srcset=\"https:\/\/kapliczkistrzeleckie.pl\/wp-content\/uploads\/2026\/02\/IMG_4436-683x1024.jpg 683w, https:\/\/kapliczkistrzeleckie.pl\/wp-content\/uploads\/2026\/02\/IMG_4436-200x300.jpg 200w, https:\/\/kapliczkistrzeleckie.pl\/wp-content\/uploads\/2026\/02\/IMG_4436-768x1152.jpg 768w, https:\/\/kapliczkistrzeleckie.pl\/wp-content\/uploads\/2026\/02\/IMG_4436-1024x1536.jpg 1024w, https:\/\/kapliczkistrzeleckie.pl\/wp-content\/uploads\/2026\/02\/IMG_4436.jpg 1280w\" sizes=\"(max-width: 683px) 100vw, 683px\" \/><\/figure><\/li><li class=\"wp-block-jetpack-slideshow_slide swiper-slide\"><figure><img loading=\"lazy\" decoding=\"async\" width=\"1024\" height=\"683\" alt=\"\" class=\"wp-block-jetpack-slideshow_image wp-image-810\" data-id=\"810\" data-aspect-ratio=\"1024 \/ 683\" src=\"https:\/\/kapliczkistrzeleckie.pl\/wp-content\/uploads\/2026\/02\/IMG_4438-1024x683.jpg\" srcset=\"https:\/\/kapliczkistrzeleckie.pl\/wp-content\/uploads\/2026\/02\/IMG_4438-1024x683.jpg 1024w, https:\/\/kapliczkistrzeleckie.pl\/wp-content\/uploads\/2026\/02\/IMG_4438-300x200.jpg 300w, https:\/\/kapliczkistrzeleckie.pl\/wp-content\/uploads\/2026\/02\/IMG_4438-768x512.jpg 768w, https:\/\/kapliczkistrzeleckie.pl\/wp-content\/uploads\/2026\/02\/IMG_4438-1536x1024.jpg 1536w, https:\/\/kapliczkistrzeleckie.pl\/wp-content\/uploads\/2026\/02\/IMG_4438.jpg 1920w\" sizes=\"(max-width: 1024px) 100vw, 1024px\" \/><\/figure><\/li><li class=\"wp-block-jetpack-slideshow_slide swiper-slide\"><figure><img loading=\"lazy\" decoding=\"async\" width=\"683\" height=\"1024\" alt=\"\" class=\"wp-block-jetpack-slideshow_image wp-image-814\" data-id=\"814\" data-aspect-ratio=\"683 \/ 1024\" src=\"https:\/\/kapliczkistrzeleckie.pl\/wp-content\/uploads\/2026\/02\/IMG_4440-683x1024.jpg\" srcset=\"https:\/\/kapliczkistrzeleckie.pl\/wp-content\/uploads\/2026\/02\/IMG_4440-683x1024.jpg 683w, https:\/\/kapliczkistrzeleckie.pl\/wp-content\/uploads\/2026\/02\/IMG_4440-200x300.jpg 200w, https:\/\/kapliczkistrzeleckie.pl\/wp-content\/uploads\/2026\/02\/IMG_4440-768x1152.jpg 768w, https:\/\/kapliczkistrzeleckie.pl\/wp-content\/uploads\/2026\/02\/IMG_4440-1024x1536.jpg 1024w, https:\/\/kapliczkistrzeleckie.pl\/wp-content\/uploads\/2026\/02\/IMG_4440.jpg 1280w\" sizes=\"(max-width: 683px) 100vw, 683px\" \/><\/figure><\/li><li class=\"wp-block-jetpack-slideshow_slide swiper-slide\"><figure><img loading=\"lazy\" decoding=\"async\" width=\"683\" height=\"1024\" alt=\"\" class=\"wp-block-jetpack-slideshow_image wp-image-811\" data-id=\"811\" data-aspect-ratio=\"683 \/ 1024\" src=\"https:\/\/kapliczkistrzeleckie.pl\/wp-content\/uploads\/2026\/02\/IMG_4442-683x1024.jpg\" srcset=\"https:\/\/kapliczkistrzeleckie.pl\/wp-content\/uploads\/2026\/02\/IMG_4442-683x1024.jpg 683w, https:\/\/kapliczkistrzeleckie.pl\/wp-content\/uploads\/2026\/02\/IMG_4442-200x300.jpg 200w, https:\/\/kapliczkistrzeleckie.pl\/wp-content\/uploads\/2026\/02\/IMG_4442-768x1152.jpg 768w, https:\/\/kapliczkistrzeleckie.pl\/wp-content\/uploads\/2026\/02\/IMG_4442-1024x1536.jpg 1024w, https:\/\/kapliczkistrzeleckie.pl\/wp-content\/uploads\/2026\/02\/IMG_4442.jpg 1280w\" sizes=\"(max-width: 683px) 100vw, 683px\" \/><\/figure><\/li><li class=\"wp-block-jetpack-slideshow_slide swiper-slide\"><figure><img loading=\"lazy\" decoding=\"async\" width=\"1024\" height=\"683\" alt=\"\" class=\"wp-block-jetpack-slideshow_image wp-image-812\" data-id=\"812\" data-aspect-ratio=\"1024 \/ 683\" src=\"https:\/\/kapliczkistrzeleckie.pl\/wp-content\/uploads\/2026\/02\/IMG_4444-1024x683.jpg\" srcset=\"https:\/\/kapliczkistrzeleckie.pl\/wp-content\/uploads\/2026\/02\/IMG_4444-1024x683.jpg 1024w, https:\/\/kapliczkistrzeleckie.pl\/wp-content\/uploads\/2026\/02\/IMG_4444-300x200.jpg 300w, https:\/\/kapliczkistrzeleckie.pl\/wp-content\/uploads\/2026\/02\/IMG_4444-768x512.jpg 768w, https:\/\/kapliczkistrzeleckie.pl\/wp-content\/uploads\/2026\/02\/IMG_4444-1536x1024.jpg 1536w, https:\/\/kapliczkistrzeleckie.pl\/wp-content\/uploads\/2026\/02\/IMG_4444.jpg 1920w\" sizes=\"(max-width: 1024px) 100vw, 1024px\" \/><\/figure><\/li><\/ul><a class=\"wp-block-jetpack-slideshow_button-prev swiper-button-prev swiper-button-white\" role=\"button\"><\/a><a class=\"wp-block-jetpack-slideshow_button-next swiper-button-next swiper-button-white\" role=\"button\"><\/a><a aria-label=\"Pause Slideshow\" class=\"wp-block-jetpack-slideshow_button-pause\" role=\"button\"><\/a><div class=\"wp-block-jetpack-slideshow_pagination swiper-pagination swiper-pagination-white\"><\/div><\/div><\/div>\n","protected":false},"excerpt":{"rendered":"<p>Na skrzy\u017cowaniu dr\u00f3g Klonowej i Ko\u015bciuszki stoi betonowy krzy\u017c. Jak powiadaj\u0105 mieszka\u0144cy wsi stoi tam od niepami\u0119tnych czas\u00f3w. Pierwotnie by\u0142 to krzy\u017c drewniany, ogrodzony p\u0142otkiem i sta\u0142 w miejscu, gdzie dzisiaj rosn\u0105 r\u00f3\u017ce. W 1929 r. zast\u0105piono go granitowym, wykonanym przez p. Lik\u0119 \u2013 kamieniarza z Izbicka, a jego fundatorem by\u0142a Kasa Wiejska w Otmicach. [&hellip;]<\/p>\n","protected":false},"author":2,"featured_media":812,"comment_status":"open","ping_status":"open","sticky":false,"template":"","format":"standard","meta":{"advanced_seo_description":"","jetpack_seo_html_title":"","jetpack_seo_noindex":false,"_jetpack_memberships_contains_paid_content":false,"footnotes":""},"categories":[7,45],"tags":[5,59],"class_list":["post-809","post","type-post","status-publish","format-standard","has-post-thumbnail","hentry","category-gmina-izbicko","category-otmice","tag-krzyz","tag-otmice"],"jetpack_featured_media_url":"https:\/\/kapliczkistrzeleckie.pl\/wp-content\/uploads\/2026\/02\/IMG_4444.jpg","jetpack_sharing_enabled":true,"_links":{"self":[{"href":"https:\/\/kapliczkistrzeleckie.pl\/index.php?rest_route=\/wp\/v2\/posts\/809","targetHints":{"allow":["GET"]}}],"collection":[{"href":"https:\/\/kapliczkistrzeleckie.pl\/index.php?rest_route=\/wp\/v2\/posts"}],"about":[{"href":"https:\/\/kapliczkistrzeleckie.pl\/index.php?rest_route=\/wp\/v2\/types\/post"}],"author":[{"embeddable":true,"href":"https:\/\/kapliczkistrzeleckie.pl\/index.php?rest_route=\/wp\/v2\/users\/2"}],"replies":[{"embeddable":true,"href":"https:\/\/kapliczkistrzeleckie.pl\/index.php?rest_route=%2Fwp%2Fv2%2Fcomments&post=809"}],"version-history":[{"count":1,"href":"https:\/\/kapliczkistrzeleckie.pl\/index.php?rest_route=\/wp\/v2\/posts\/809\/revisions"}],"predecessor-version":[{"id":815,"href":"https:\/\/kapliczkistrzeleckie.pl\/index.php?rest_route=\/wp\/v2\/posts\/809\/revisions\/815"}],"wp:featuredmedia":[{"embeddable":true,"href":"https:\/\/kapliczkistrzeleckie.pl\/index.php?rest_route=\/wp\/v2\/media\/812"}],"wp:attachment":[{"href":"https:\/\/kapliczkistrzeleckie.pl\/index.php?rest_route=%2Fwp%2Fv2%2Fmedia&parent=809"}],"wp:term":[{"taxonomy":"category","embeddable":true,"href":"https:\/\/kapliczkistrzeleckie.pl\/index.php?rest_route=%2Fwp%2Fv2%2Fcategories&post=809"},{"taxonomy":"post_tag","embeddable":true,"href":"https:\/\/kapliczkistrzeleckie.pl\/index.php?rest_route=%2Fwp%2Fv2%2Ftags&post=809"}],"curies":[{"name":"wp","href":"https:\/\/api.w.org\/{rel}","templated":true}]}}