{"id":56,"date":"2023-10-25T09:07:13","date_gmt":"2023-10-25T07:07:13","guid":{"rendered":"https:\/\/kapliczkistrzeleckie.pl\/?p=56"},"modified":"2023-10-25T09:07:13","modified_gmt":"2023-10-25T07:07:13","slug":"borycz-krzyz","status":"publish","type":"post","link":"https:\/\/kapliczkistrzeleckie.pl\/?p=56","title":{"rendered":"Borycz &#8211; krzy\u017c"},"content":{"rendered":"\n<p>Przy wje\u017adzie do Boryczy od strony Kro\u015bnicy, po prawej stronie, pod dorodnymi kasztanami stoi okaza\u0142y krzy\u017c. Z ty\u0142u wyryte s\u0105 nazwiska jego fundator\u00f3w: \u201e<em>Joseph i Franciszka Szczeponek 1902<\/em>\u201d. Po obu bokach krzy\u017ca widniej\u0105 wyryte napisy w j\u0119zyku niemieckim. Z prawej strony: \u201e<em>Rette meine Seele<\/em>\u201d; natomiast z lewej strony: \u201e<em>O <\/em><em>Herr erbarme Dich unser<\/em>\u201d. W dolnej cz\u0119\u015bci krzy\u017ca, z przodu, znajduje si\u0119 nisza, w kt\u00f3rej umieszczona jest figurka Matki Boskiej.<\/p>\n\n\n\n<div class=\"wp-block-jetpack-slideshow aligncenter\" data-effect=\"slide\"><div class=\"wp-block-jetpack-slideshow_container swiper-container\"><ul class=\"wp-block-jetpack-slideshow_swiper-wrapper swiper-wrapper\"><li class=\"wp-block-jetpack-slideshow_slide swiper-slide\"><figure><img loading=\"lazy\" decoding=\"async\" width=\"683\" height=\"1024\" alt=\"\" class=\"wp-block-jetpack-slideshow_image wp-image-57\" data-id=\"57\" src=\"https:\/\/kapliczkistrzeleckie.pl\/wp-content\/uploads\/2023\/10\/IMG_4632-683x1024.jpg\" srcset=\"https:\/\/kapliczkistrzeleckie.pl\/wp-content\/uploads\/2023\/10\/IMG_4632-683x1024.jpg 683w, https:\/\/kapliczkistrzeleckie.pl\/wp-content\/uploads\/2023\/10\/IMG_4632-200x300.jpg 200w, https:\/\/kapliczkistrzeleckie.pl\/wp-content\/uploads\/2023\/10\/IMG_4632-768x1152.jpg 768w, https:\/\/kapliczkistrzeleckie.pl\/wp-content\/uploads\/2023\/10\/IMG_4632-1024x1536.jpg 1024w, https:\/\/kapliczkistrzeleckie.pl\/wp-content\/uploads\/2023\/10\/IMG_4632.jpg 1280w\" sizes=\"(max-width: 683px) 100vw, 683px\" \/><\/figure><\/li><li class=\"wp-block-jetpack-slideshow_slide swiper-slide\"><figure><img loading=\"lazy\" decoding=\"async\" width=\"683\" height=\"1024\" alt=\"\" class=\"wp-block-jetpack-slideshow_image wp-image-58\" data-id=\"58\" src=\"https:\/\/kapliczkistrzeleckie.pl\/wp-content\/uploads\/2023\/10\/IMG_4636-683x1024.jpg\" srcset=\"https:\/\/kapliczkistrzeleckie.pl\/wp-content\/uploads\/2023\/10\/IMG_4636-683x1024.jpg 683w, https:\/\/kapliczkistrzeleckie.pl\/wp-content\/uploads\/2023\/10\/IMG_4636-200x300.jpg 200w, https:\/\/kapliczkistrzeleckie.pl\/wp-content\/uploads\/2023\/10\/IMG_4636-768x1152.jpg 768w, https:\/\/kapliczkistrzeleckie.pl\/wp-content\/uploads\/2023\/10\/IMG_4636-1024x1536.jpg 1024w, https:\/\/kapliczkistrzeleckie.pl\/wp-content\/uploads\/2023\/10\/IMG_4636.jpg 1280w\" sizes=\"(max-width: 683px) 100vw, 683px\" \/><\/figure><\/li><li class=\"wp-block-jetpack-slideshow_slide swiper-slide\"><figure><img loading=\"lazy\" decoding=\"async\" width=\"683\" height=\"1024\" alt=\"\" class=\"wp-block-jetpack-slideshow_image wp-image-59\" data-id=\"59\" src=\"https:\/\/kapliczkistrzeleckie.pl\/wp-content\/uploads\/2023\/10\/IMG_4638-683x1024.jpg\" srcset=\"https:\/\/kapliczkistrzeleckie.pl\/wp-content\/uploads\/2023\/10\/IMG_4638-683x1024.jpg 683w, https:\/\/kapliczkistrzeleckie.pl\/wp-content\/uploads\/2023\/10\/IMG_4638-200x300.jpg 200w, https:\/\/kapliczkistrzeleckie.pl\/wp-content\/uploads\/2023\/10\/IMG_4638-768x1152.jpg 768w, https:\/\/kapliczkistrzeleckie.pl\/wp-content\/uploads\/2023\/10\/IMG_4638-1024x1536.jpg 1024w, https:\/\/kapliczkistrzeleckie.pl\/wp-content\/uploads\/2023\/10\/IMG_4638.jpg 1280w\" sizes=\"(max-width: 683px) 100vw, 683px\" \/><\/figure><\/li><li class=\"wp-block-jetpack-slideshow_slide swiper-slide\"><figure><img loading=\"lazy\" decoding=\"async\" width=\"1024\" height=\"683\" alt=\"\" class=\"wp-block-jetpack-slideshow_image wp-image-60\" data-id=\"60\" src=\"https:\/\/kapliczkistrzeleckie.pl\/wp-content\/uploads\/2023\/10\/IMG_4641-1024x683.jpg\" srcset=\"https:\/\/kapliczkistrzeleckie.pl\/wp-content\/uploads\/2023\/10\/IMG_4641-1024x683.jpg 1024w, https:\/\/kapliczkistrzeleckie.pl\/wp-content\/uploads\/2023\/10\/IMG_4641-300x200.jpg 300w, https:\/\/kapliczkistrzeleckie.pl\/wp-content\/uploads\/2023\/10\/IMG_4641-768x512.jpg 768w, https:\/\/kapliczkistrzeleckie.pl\/wp-content\/uploads\/2023\/10\/IMG_4641-1536x1024.jpg 1536w, https:\/\/kapliczkistrzeleckie.pl\/wp-content\/uploads\/2023\/10\/IMG_4641.jpg 1920w\" sizes=\"(max-width: 1024px) 100vw, 1024px\" \/><\/figure><\/li><li class=\"wp-block-jetpack-slideshow_slide swiper-slide\"><figure><img loading=\"lazy\" decoding=\"async\" width=\"683\" height=\"1024\" alt=\"\" class=\"wp-block-jetpack-slideshow_image wp-image-61\" data-id=\"61\" src=\"https:\/\/kapliczkistrzeleckie.pl\/wp-content\/uploads\/2023\/10\/IMG_4643-683x1024.jpg\" srcset=\"https:\/\/kapliczkistrzeleckie.pl\/wp-content\/uploads\/2023\/10\/IMG_4643-683x1024.jpg 683w, https:\/\/kapliczkistrzeleckie.pl\/wp-content\/uploads\/2023\/10\/IMG_4643-200x300.jpg 200w, https:\/\/kapliczkistrzeleckie.pl\/wp-content\/uploads\/2023\/10\/IMG_4643-768x1152.jpg 768w, https:\/\/kapliczkistrzeleckie.pl\/wp-content\/uploads\/2023\/10\/IMG_4643-1024x1536.jpg 1024w, https:\/\/kapliczkistrzeleckie.pl\/wp-content\/uploads\/2023\/10\/IMG_4643.jpg 1280w\" sizes=\"(max-width: 683px) 100vw, 683px\" \/><\/figure><\/li><li class=\"wp-block-jetpack-slideshow_slide swiper-slide\"><figure><img loading=\"lazy\" decoding=\"async\" width=\"1024\" height=\"683\" alt=\"\" class=\"wp-block-jetpack-slideshow_image wp-image-62\" data-id=\"62\" src=\"https:\/\/kapliczkistrzeleckie.pl\/wp-content\/uploads\/2023\/10\/IMG_4644-1024x683.jpg\" srcset=\"https:\/\/kapliczkistrzeleckie.pl\/wp-content\/uploads\/2023\/10\/IMG_4644-1024x683.jpg 1024w, https:\/\/kapliczkistrzeleckie.pl\/wp-content\/uploads\/2023\/10\/IMG_4644-300x200.jpg 300w, https:\/\/kapliczkistrzeleckie.pl\/wp-content\/uploads\/2023\/10\/IMG_4644-768x512.jpg 768w, https:\/\/kapliczkistrzeleckie.pl\/wp-content\/uploads\/2023\/10\/IMG_4644-1536x1024.jpg 1536w, https:\/\/kapliczkistrzeleckie.pl\/wp-content\/uploads\/2023\/10\/IMG_4644.jpg 1920w\" sizes=\"(max-width: 1024px) 100vw, 1024px\" \/><\/figure><\/li><li class=\"wp-block-jetpack-slideshow_slide swiper-slide\"><figure><img loading=\"lazy\" decoding=\"async\" width=\"679\" height=\"1024\" alt=\"\" class=\"wp-block-jetpack-slideshow_image wp-image-63\" data-id=\"63\" src=\"https:\/\/kapliczkistrzeleckie.pl\/wp-content\/uploads\/2023\/10\/Borycz-679x1024.jpg\" srcset=\"https:\/\/kapliczkistrzeleckie.pl\/wp-content\/uploads\/2023\/10\/Borycz-679x1024.jpg 679w, https:\/\/kapliczkistrzeleckie.pl\/wp-content\/uploads\/2023\/10\/Borycz-199x300.jpg 199w, https:\/\/kapliczkistrzeleckie.pl\/wp-content\/uploads\/2023\/10\/Borycz-768x1158.jpg 768w, https:\/\/kapliczkistrzeleckie.pl\/wp-content\/uploads\/2023\/10\/Borycz-1019x1536.jpg 1019w, https:\/\/kapliczkistrzeleckie.pl\/wp-content\/uploads\/2023\/10\/Borycz.jpg 1024w\" sizes=\"(max-width: 679px) 100vw, 679px\" \/><\/figure><\/li><\/ul><a class=\"wp-block-jetpack-slideshow_button-prev swiper-button-prev swiper-button-white\" role=\"button\"><\/a><a class=\"wp-block-jetpack-slideshow_button-next swiper-button-next swiper-button-white\" role=\"button\"><\/a><a aria-label=\"Pause Slideshow\" class=\"wp-block-jetpack-slideshow_button-pause\" role=\"button\"><\/a><div class=\"wp-block-jetpack-slideshow_pagination swiper-pagination swiper-pagination-white\"><\/div><\/div><\/div>\n","protected":false},"excerpt":{"rendered":"<p>Przy wje\u017adzie do Boryczy od strony Kro\u015bnicy, po prawej stronie, pod dorodnymi kasztanami stoi okaza\u0142y krzy\u017c. Z ty\u0142u wyryte s\u0105 nazwiska jego fundator\u00f3w: \u201eJoseph i Franciszka Szczeponek 1902\u201d. Po obu bokach krzy\u017ca widniej\u0105 wyryte napisy w j\u0119zyku niemieckim. Z prawej strony: \u201eRette meine Seele\u201d; natomiast z lewej strony: \u201eO Herr erbarme Dich unser\u201d. W dolnej [&hellip;]<\/p>\n","protected":false},"author":2,"featured_media":62,"comment_status":"open","ping_status":"open","sticky":false,"template":"","format":"standard","meta":{"advanced_seo_description":"","jetpack_seo_html_title":"","jetpack_seo_noindex":false,"_jetpack_memberships_contains_paid_content":false,"footnotes":""},"categories":[8,7],"tags":[9,5],"class_list":["post-56","post","type-post","status-publish","format-standard","has-post-thumbnail","hentry","category-borycz","category-gmina-izbicko","tag-borycz","tag-krzyz"],"jetpack_featured_media_url":"https:\/\/kapliczkistrzeleckie.pl\/wp-content\/uploads\/2023\/10\/IMG_4644.jpg","jetpack_sharing_enabled":true,"_links":{"self":[{"href":"https:\/\/kapliczkistrzeleckie.pl\/index.php?rest_route=\/wp\/v2\/posts\/56","targetHints":{"allow":["GET"]}}],"collection":[{"href":"https:\/\/kapliczkistrzeleckie.pl\/index.php?rest_route=\/wp\/v2\/posts"}],"about":[{"href":"https:\/\/kapliczkistrzeleckie.pl\/index.php?rest_route=\/wp\/v2\/types\/post"}],"author":[{"embeddable":true,"href":"https:\/\/kapliczkistrzeleckie.pl\/index.php?rest_route=\/wp\/v2\/users\/2"}],"replies":[{"embeddable":true,"href":"https:\/\/kapliczkistrzeleckie.pl\/index.php?rest_route=%2Fwp%2Fv2%2Fcomments&post=56"}],"version-history":[{"count":1,"href":"https:\/\/kapliczkistrzeleckie.pl\/index.php?rest_route=\/wp\/v2\/posts\/56\/revisions"}],"predecessor-version":[{"id":64,"href":"https:\/\/kapliczkistrzeleckie.pl\/index.php?rest_route=\/wp\/v2\/posts\/56\/revisions\/64"}],"wp:featuredmedia":[{"embeddable":true,"href":"https:\/\/kapliczkistrzeleckie.pl\/index.php?rest_route=\/wp\/v2\/media\/62"}],"wp:attachment":[{"href":"https:\/\/kapliczkistrzeleckie.pl\/index.php?rest_route=%2Fwp%2Fv2%2Fmedia&parent=56"}],"wp:term":[{"taxonomy":"category","embeddable":true,"href":"https:\/\/kapliczkistrzeleckie.pl\/index.php?rest_route=%2Fwp%2Fv2%2Fcategories&post=56"},{"taxonomy":"post_tag","embeddable":true,"href":"https:\/\/kapliczkistrzeleckie.pl\/index.php?rest_route=%2Fwp%2Fv2%2Ftags&post=56"}],"curies":[{"name":"wp","href":"https:\/\/api.w.org\/{rel}","templated":true}]}}