{"id":496,"date":"2024-12-22T19:59:07","date_gmt":"2024-12-22T18:59:07","guid":{"rendered":"https:\/\/kapliczkistrzeleckie.pl\/?p=496"},"modified":"2024-12-22T20:01:09","modified_gmt":"2024-12-22T19:01:09","slug":"zawadzkie-krzyz-ul-opolska","status":"publish","type":"post","link":"https:\/\/kapliczkistrzeleckie.pl\/?p=496","title":{"rendered":"Zawadzkie &#8211; krzy\u017c ul. Opolska"},"content":{"rendered":"\n<p>Krzy\u017c przy ulicy Opolskiej zosta\u0142 wybudowany w 1903 roku. Franciszek Kura widz\u0105c rozpadaj\u0105cy si\u0119 krzy\u017c i dzwonnic\u0119 drewnian\u0105, kt\u00f3re sta\u0142y po przeciwnej stronie ulicy, wyst\u0105pi\u0142 z inicjatyw\u0105 wybudowania nowego krzy\u017ca betonowo \u2013 marmurowego na swoim podw\u00f3rku. Finansowo wspierali go s\u0105siedzi. W czasie zbi\u00f3rki pieni\u0119dzy przeznaczonych na krzy\u017c jedna mieszkanka powiedzia\u0142a: \u201e\u017ce na krzy\u017c nie da pieni\u0119dzy, bo nie b\u0119dzie si\u0119 \u017cegna\u0107.\u201d Dzie\u0144 przed po\u015bwi\u0119ceniem ju\u017c postawionego krzy\u017ca, przechodzi\u0142a obok niego nie prze\u017cegnawszy si\u0119 ani razu upad\u0142a martwa<\/p>\n\n\n\n<p>W 1938 roku na rozkaz jednego z naczelnik\u00f3w partii nazistowskiej mia\u0142 zosta\u0107 skuty napis w j\u0119zyku polskim. Cz\u0142owiek, kt\u00f3ry mia\u0142 to wykona\u0107 sku\u0142 tylko napis:<br>\u201e<em>W krzy\u017cu jest moja nadzieja<\/em>\u201d. Okoliczni mieszka\u0144cy nie pozwolili na dalsze kucie. W nocy kto\u015b przekre\u015bli\u0142 reszt\u0119 napisu w j\u0119zyku polskim czarn\u0105 farb\u0105, kt\u00f3rej nie da\u0142o si\u0119 usun\u0105\u0107. Z tego powodu tablic\u0119 z napisem zagipsowano. Krzy\u017c zosta\u0142 powt\u00f3rnie po\u015bwi\u0119cony w maju 1939 roku przez ksi\u0119dza Milera. Po wojnie gips zosta\u0142 usuni\u0119ty, a wraz z nim zesz\u0142a czarna farba. Odnowiony krzy\u017c stoi do dzisiaj, strzeg\u0105c okolicznych mieszka\u0144c\u00f3w i b\u0142ogos\u0142awi\u0105c ich urodzajom. Co roku w maju odbywaj\u0105 si\u0119 do tego krzy\u017ca procesje krzy\u017cowe. W 2003 roku min\u0119\u0142o 100 lat od postawienia krzy\u017ca.<\/p>\n\n\n\n<p>&nbsp;Na krzy\u017cu jest umieszczony tak\u017ce nast\u0119puj\u0105cy napis w j\u0119zyku polskim:<\/p>\n\n\n\n<p><em>\u201eMi\u0142osierny Jezu Ratuj dusze w czy\u015b\u0107cu cierpi\u0105ce\u201d.<\/em><\/p>\n\n\n\n<div class=\"wp-block-jetpack-slideshow aligncenter\" data-effect=\"slide\"><div class=\"wp-block-jetpack-slideshow_container swiper-container\"><ul class=\"wp-block-jetpack-slideshow_swiper-wrapper swiper-wrapper\"><li class=\"wp-block-jetpack-slideshow_slide swiper-slide\"><figure><img loading=\"lazy\" decoding=\"async\" width=\"1024\" height=\"683\" alt=\"\" class=\"wp-block-jetpack-slideshow_image wp-image-499\" data-id=\"499\" src=\"https:\/\/kapliczkistrzeleckie.pl\/wp-content\/uploads\/2024\/12\/IMG_4798-1024x683.jpg\" srcset=\"https:\/\/kapliczkistrzeleckie.pl\/wp-content\/uploads\/2024\/12\/IMG_4798-1024x683.jpg 1024w, https:\/\/kapliczkistrzeleckie.pl\/wp-content\/uploads\/2024\/12\/IMG_4798-300x200.jpg 300w, https:\/\/kapliczkistrzeleckie.pl\/wp-content\/uploads\/2024\/12\/IMG_4798-768x512.jpg 768w, https:\/\/kapliczkistrzeleckie.pl\/wp-content\/uploads\/2024\/12\/IMG_4798-1536x1024.jpg 1536w, https:\/\/kapliczkistrzeleckie.pl\/wp-content\/uploads\/2024\/12\/IMG_4798.jpg 1920w\" sizes=\"(max-width: 1024px) 100vw, 1024px\" \/><\/figure><\/li><li class=\"wp-block-jetpack-slideshow_slide swiper-slide\"><figure><img loading=\"lazy\" decoding=\"async\" width=\"1024\" height=\"683\" alt=\"\" class=\"wp-block-jetpack-slideshow_image wp-image-497\" data-id=\"497\" src=\"https:\/\/kapliczkistrzeleckie.pl\/wp-content\/uploads\/2024\/12\/IMG_4791-1024x683.jpg\" srcset=\"https:\/\/kapliczkistrzeleckie.pl\/wp-content\/uploads\/2024\/12\/IMG_4791-1024x683.jpg 1024w, https:\/\/kapliczkistrzeleckie.pl\/wp-content\/uploads\/2024\/12\/IMG_4791-300x200.jpg 300w, https:\/\/kapliczkistrzeleckie.pl\/wp-content\/uploads\/2024\/12\/IMG_4791-768x512.jpg 768w, https:\/\/kapliczkistrzeleckie.pl\/wp-content\/uploads\/2024\/12\/IMG_4791-1536x1024.jpg 1536w, https:\/\/kapliczkistrzeleckie.pl\/wp-content\/uploads\/2024\/12\/IMG_4791.jpg 1920w\" sizes=\"(max-width: 1024px) 100vw, 1024px\" \/><\/figure><\/li><li class=\"wp-block-jetpack-slideshow_slide swiper-slide\"><figure><img loading=\"lazy\" decoding=\"async\" width=\"683\" height=\"1024\" alt=\"\" class=\"wp-block-jetpack-slideshow_image wp-image-498\" data-id=\"498\" src=\"https:\/\/kapliczkistrzeleckie.pl\/wp-content\/uploads\/2024\/12\/IMG_4792-683x1024.jpg\" srcset=\"https:\/\/kapliczkistrzeleckie.pl\/wp-content\/uploads\/2024\/12\/IMG_4792-683x1024.jpg 683w, https:\/\/kapliczkistrzeleckie.pl\/wp-content\/uploads\/2024\/12\/IMG_4792-200x300.jpg 200w, https:\/\/kapliczkistrzeleckie.pl\/wp-content\/uploads\/2024\/12\/IMG_4792-768x1152.jpg 768w, https:\/\/kapliczkistrzeleckie.pl\/wp-content\/uploads\/2024\/12\/IMG_4792-1024x1536.jpg 1024w, https:\/\/kapliczkistrzeleckie.pl\/wp-content\/uploads\/2024\/12\/IMG_4792.jpg 1280w\" sizes=\"(max-width: 683px) 100vw, 683px\" \/><\/figure><\/li><\/ul><a class=\"wp-block-jetpack-slideshow_button-prev swiper-button-prev swiper-button-white\" role=\"button\"><\/a><a class=\"wp-block-jetpack-slideshow_button-next swiper-button-next swiper-button-white\" role=\"button\"><\/a><a aria-label=\"Pause Slideshow\" class=\"wp-block-jetpack-slideshow_button-pause\" role=\"button\"><\/a><div class=\"wp-block-jetpack-slideshow_pagination swiper-pagination swiper-pagination-white\"><\/div><\/div><\/div>\n","protected":false},"excerpt":{"rendered":"<p>Krzy\u017c przy ulicy Opolskiej zosta\u0142 wybudowany w 1903 roku. Franciszek Kura widz\u0105c rozpadaj\u0105cy si\u0119 krzy\u017c i dzwonnic\u0119 drewnian\u0105, kt\u00f3re sta\u0142y po przeciwnej stronie ulicy, wyst\u0105pi\u0142 z inicjatyw\u0105 wybudowania nowego krzy\u017ca betonowo \u2013 marmurowego na swoim podw\u00f3rku. Finansowo wspierali go s\u0105siedzi. W czasie zbi\u00f3rki pieni\u0119dzy przeznaczonych na krzy\u017c jedna mieszkanka powiedzia\u0142a: \u201e\u017ce na krzy\u017c nie da [&hellip;]<\/p>\n","protected":false},"author":2,"featured_media":499,"comment_status":"open","ping_status":"open","sticky":false,"template":"","format":"standard","meta":{"advanced_seo_description":"","jetpack_seo_html_title":"","jetpack_seo_noindex":false,"_jetpack_memberships_contains_paid_content":false,"footnotes":""},"categories":[34,36],"tags":[5,39],"class_list":["post-496","post","type-post","status-publish","format-standard","has-post-thumbnail","hentry","category-gmina-zawadzkie","category-zawadzkie","tag-krzyz","tag-zawadzkie"],"jetpack_featured_media_url":"https:\/\/kapliczkistrzeleckie.pl\/wp-content\/uploads\/2024\/12\/IMG_4798.jpg","jetpack_sharing_enabled":true,"_links":{"self":[{"href":"https:\/\/kapliczkistrzeleckie.pl\/index.php?rest_route=\/wp\/v2\/posts\/496","targetHints":{"allow":["GET"]}}],"collection":[{"href":"https:\/\/kapliczkistrzeleckie.pl\/index.php?rest_route=\/wp\/v2\/posts"}],"about":[{"href":"https:\/\/kapliczkistrzeleckie.pl\/index.php?rest_route=\/wp\/v2\/types\/post"}],"author":[{"embeddable":true,"href":"https:\/\/kapliczkistrzeleckie.pl\/index.php?rest_route=\/wp\/v2\/users\/2"}],"replies":[{"embeddable":true,"href":"https:\/\/kapliczkistrzeleckie.pl\/index.php?rest_route=%2Fwp%2Fv2%2Fcomments&post=496"}],"version-history":[{"count":1,"href":"https:\/\/kapliczkistrzeleckie.pl\/index.php?rest_route=\/wp\/v2\/posts\/496\/revisions"}],"predecessor-version":[{"id":500,"href":"https:\/\/kapliczkistrzeleckie.pl\/index.php?rest_route=\/wp\/v2\/posts\/496\/revisions\/500"}],"wp:featuredmedia":[{"embeddable":true,"href":"https:\/\/kapliczkistrzeleckie.pl\/index.php?rest_route=\/wp\/v2\/media\/499"}],"wp:attachment":[{"href":"https:\/\/kapliczkistrzeleckie.pl\/index.php?rest_route=%2Fwp%2Fv2%2Fmedia&parent=496"}],"wp:term":[{"taxonomy":"category","embeddable":true,"href":"https:\/\/kapliczkistrzeleckie.pl\/index.php?rest_route=%2Fwp%2Fv2%2Fcategories&post=496"},{"taxonomy":"post_tag","embeddable":true,"href":"https:\/\/kapliczkistrzeleckie.pl\/index.php?rest_route=%2Fwp%2Fv2%2Ftags&post=496"}],"curies":[{"name":"wp","href":"https:\/\/api.w.org\/{rel}","templated":true}]}}