{"id":492,"date":"2024-12-22T19:55:48","date_gmt":"2024-12-22T18:55:48","guid":{"rendered":"https:\/\/kapliczkistrzeleckie.pl\/?p=492"},"modified":"2024-12-22T19:55:54","modified_gmt":"2024-12-22T18:55:54","slug":"zawadzkie-krzyz-ul-chopina","status":"publish","type":"post","link":"https:\/\/kapliczkistrzeleckie.pl\/?p=492","title":{"rendered":"Zawadzkie &#8211; krzy\u017c ul. Chopina"},"content":{"rendered":"\n<p>Miejscem kultu mieszka\u0144c\u00f3w Zawadzkiego jest drewniany krzy\u017c przy ul. F. Chopina. Jego fundatorem by\u0142 p. K. Kusz, kt\u00f3ry wraz z innymi mieszka\u0144cami postawi\u0142 go w tym miejscu w 1947 r. jako podzi\u0119kowanie za ocalenie \u017cycia w czasie II wojny \u015bwiatowej.<\/p>\n\n\n\n<p>Co roku w maju krzy\u017c staje si\u0119 miejscem, do kt\u00f3rego zd\u0105\u017caj\u0105 procesje krzy\u017cowe. Wierni uczestnicz\u0105cy w nabo\u017ce\u0144stwie modl\u0105 si\u0119 o urodzaje i b\u0142ogos\u0142awie\u0144stwo we wszystkich swoich zaj\u0119ciach.<\/p>\n\n\n\n<div class=\"wp-block-jetpack-slideshow aligncenter\" data-effect=\"slide\"><div class=\"wp-block-jetpack-slideshow_container swiper-container\"><ul class=\"wp-block-jetpack-slideshow_swiper-wrapper swiper-wrapper\"><li class=\"wp-block-jetpack-slideshow_slide swiper-slide\"><figure><img loading=\"lazy\" decoding=\"async\" width=\"683\" height=\"1024\" alt=\"\" class=\"wp-block-jetpack-slideshow_image wp-image-494\" data-id=\"494\" src=\"https:\/\/kapliczkistrzeleckie.pl\/wp-content\/uploads\/2024\/12\/IMG_4777-683x1024.jpg\" srcset=\"https:\/\/kapliczkistrzeleckie.pl\/wp-content\/uploads\/2024\/12\/IMG_4777-683x1024.jpg 683w, https:\/\/kapliczkistrzeleckie.pl\/wp-content\/uploads\/2024\/12\/IMG_4777-200x300.jpg 200w, https:\/\/kapliczkistrzeleckie.pl\/wp-content\/uploads\/2024\/12\/IMG_4777-768x1152.jpg 768w, https:\/\/kapliczkistrzeleckie.pl\/wp-content\/uploads\/2024\/12\/IMG_4777-1024x1536.jpg 1024w, https:\/\/kapliczkistrzeleckie.pl\/wp-content\/uploads\/2024\/12\/IMG_4777.jpg 1280w\" sizes=\"(max-width: 683px) 100vw, 683px\" \/><\/figure><\/li><li class=\"wp-block-jetpack-slideshow_slide swiper-slide\"><figure><img loading=\"lazy\" decoding=\"async\" width=\"1024\" height=\"683\" alt=\"\" class=\"wp-block-jetpack-slideshow_image wp-image-493\" data-id=\"493\" src=\"https:\/\/kapliczkistrzeleckie.pl\/wp-content\/uploads\/2024\/12\/IMG_4780-1024x683.jpg\" srcset=\"https:\/\/kapliczkistrzeleckie.pl\/wp-content\/uploads\/2024\/12\/IMG_4780-1024x683.jpg 1024w, https:\/\/kapliczkistrzeleckie.pl\/wp-content\/uploads\/2024\/12\/IMG_4780-300x200.jpg 300w, https:\/\/kapliczkistrzeleckie.pl\/wp-content\/uploads\/2024\/12\/IMG_4780-768x512.jpg 768w, https:\/\/kapliczkistrzeleckie.pl\/wp-content\/uploads\/2024\/12\/IMG_4780-1536x1024.jpg 1536w, https:\/\/kapliczkistrzeleckie.pl\/wp-content\/uploads\/2024\/12\/IMG_4780.jpg 1920w\" sizes=\"(max-width: 1024px) 100vw, 1024px\" \/><\/figure><\/li><\/ul><a class=\"wp-block-jetpack-slideshow_button-prev swiper-button-prev swiper-button-white\" role=\"button\"><\/a><a class=\"wp-block-jetpack-slideshow_button-next swiper-button-next swiper-button-white\" role=\"button\"><\/a><a aria-label=\"Pause Slideshow\" class=\"wp-block-jetpack-slideshow_button-pause\" role=\"button\"><\/a><div class=\"wp-block-jetpack-slideshow_pagination swiper-pagination swiper-pagination-white\"><\/div><\/div><\/div>\n","protected":false},"excerpt":{"rendered":"<p>Miejscem kultu mieszka\u0144c\u00f3w Zawadzkiego jest drewniany krzy\u017c przy ul. F. Chopina. Jego fundatorem by\u0142 p. K. Kusz, kt\u00f3ry wraz z innymi mieszka\u0144cami postawi\u0142 go w tym miejscu w 1947 r. jako podzi\u0119kowanie za ocalenie \u017cycia w czasie II wojny \u015bwiatowej. Co roku w maju krzy\u017c staje si\u0119 miejscem, do kt\u00f3rego zd\u0105\u017caj\u0105 procesje krzy\u017cowe. Wierni uczestnicz\u0105cy [&hellip;]<\/p>\n","protected":false},"author":2,"featured_media":493,"comment_status":"open","ping_status":"open","sticky":false,"template":"","format":"standard","meta":{"advanced_seo_description":"","jetpack_seo_html_title":"","jetpack_seo_noindex":false,"_jetpack_memberships_contains_paid_content":false,"footnotes":""},"categories":[34,36],"tags":[5,39],"class_list":["post-492","post","type-post","status-publish","format-standard","has-post-thumbnail","hentry","category-gmina-zawadzkie","category-zawadzkie","tag-krzyz","tag-zawadzkie"],"jetpack_featured_media_url":"https:\/\/kapliczkistrzeleckie.pl\/wp-content\/uploads\/2024\/12\/IMG_4780.jpg","jetpack_sharing_enabled":true,"_links":{"self":[{"href":"https:\/\/kapliczkistrzeleckie.pl\/index.php?rest_route=\/wp\/v2\/posts\/492","targetHints":{"allow":["GET"]}}],"collection":[{"href":"https:\/\/kapliczkistrzeleckie.pl\/index.php?rest_route=\/wp\/v2\/posts"}],"about":[{"href":"https:\/\/kapliczkistrzeleckie.pl\/index.php?rest_route=\/wp\/v2\/types\/post"}],"author":[{"embeddable":true,"href":"https:\/\/kapliczkistrzeleckie.pl\/index.php?rest_route=\/wp\/v2\/users\/2"}],"replies":[{"embeddable":true,"href":"https:\/\/kapliczkistrzeleckie.pl\/index.php?rest_route=%2Fwp%2Fv2%2Fcomments&post=492"}],"version-history":[{"count":1,"href":"https:\/\/kapliczkistrzeleckie.pl\/index.php?rest_route=\/wp\/v2\/posts\/492\/revisions"}],"predecessor-version":[{"id":495,"href":"https:\/\/kapliczkistrzeleckie.pl\/index.php?rest_route=\/wp\/v2\/posts\/492\/revisions\/495"}],"wp:featuredmedia":[{"embeddable":true,"href":"https:\/\/kapliczkistrzeleckie.pl\/index.php?rest_route=\/wp\/v2\/media\/493"}],"wp:attachment":[{"href":"https:\/\/kapliczkistrzeleckie.pl\/index.php?rest_route=%2Fwp%2Fv2%2Fmedia&parent=492"}],"wp:term":[{"taxonomy":"category","embeddable":true,"href":"https:\/\/kapliczkistrzeleckie.pl\/index.php?rest_route=%2Fwp%2Fv2%2Fcategories&post=492"},{"taxonomy":"post_tag","embeddable":true,"href":"https:\/\/kapliczkistrzeleckie.pl\/index.php?rest_route=%2Fwp%2Fv2%2Ftags&post=492"}],"curies":[{"name":"wp","href":"https:\/\/api.w.org\/{rel}","templated":true}]}}