{"id":306,"date":"2024-05-08T17:09:09","date_gmt":"2024-05-08T15:09:09","guid":{"rendered":"https:\/\/kapliczkistrzeleckie.pl\/?p=306"},"modified":"2024-05-08T17:09:09","modified_gmt":"2024-05-08T15:09:09","slug":"dolna-krzyz-2","status":"publish","type":"post","link":"https:\/\/kapliczkistrzeleckie.pl\/?p=306","title":{"rendered":"Dolna &#8211; krzy\u017c"},"content":{"rendered":"\n<p>Krzy\u017c znajduj\u0105cy si\u0119 przy drodze w kierunku Strzelec Opolskich zosta\u0142 postawiony w 1909 lub 1902 r. Jest ca\u0142y murowany. Znajduje si\u0119 tam figurka Naj\u015bwi\u0119tszej Maryi Panny. Z boku prawdopodobnie znajduje si\u0119 informacja o wykonawcy. Napis jest s\u0142abo czytelny brzmi prawdopodobnie J. Mika (Wika) Stubendorf (obecnie Izbicko).<\/p>\n\n\n\n<div class=\"wp-block-jetpack-slideshow aligncenter\"><div data-effect=\"slide\"><div class=\"wp-block-jetpack-slideshow_container swiper-container\"><ul class=\"wp-block-jetpack-slideshow_swiper-wrapper swiper-wrapper\"><li class=\"wp-block-jetpack-slideshow_slide swiper-slide\"><figure><img loading=\"lazy\" decoding=\"async\" width=\"657\" height=\"1024\" alt=\"\" class=\"wp-block-jetpack-slideshow_image wp-image-307\" data-id=\"307\" src=\"https:\/\/kapliczkistrzeleckie.pl\/wp-content\/uploads\/2024\/05\/IMG_7877-657x1024.jpg\" srcset=\"https:\/\/kapliczkistrzeleckie.pl\/wp-content\/uploads\/2024\/05\/IMG_7877-657x1024.jpg 657w, https:\/\/kapliczkistrzeleckie.pl\/wp-content\/uploads\/2024\/05\/IMG_7877-193x300.jpg 193w, https:\/\/kapliczkistrzeleckie.pl\/wp-content\/uploads\/2024\/05\/IMG_7877-768x1197.jpg 768w, https:\/\/kapliczkistrzeleckie.pl\/wp-content\/uploads\/2024\/05\/IMG_7877-986x1536.jpg 986w, https:\/\/kapliczkistrzeleckie.pl\/wp-content\/uploads\/2024\/05\/IMG_7877.jpg 1232w\" sizes=\"(max-width: 657px) 100vw, 657px\" \/><\/figure><\/li><li class=\"wp-block-jetpack-slideshow_slide swiper-slide\"><figure><img loading=\"lazy\" decoding=\"async\" width=\"1024\" height=\"683\" alt=\"\" class=\"wp-block-jetpack-slideshow_image wp-image-308\" data-id=\"308\" src=\"https:\/\/kapliczkistrzeleckie.pl\/wp-content\/uploads\/2024\/05\/IMG_9156-1024x683.jpg\" srcset=\"https:\/\/kapliczkistrzeleckie.pl\/wp-content\/uploads\/2024\/05\/IMG_9156-1024x683.jpg 1024w, https:\/\/kapliczkistrzeleckie.pl\/wp-content\/uploads\/2024\/05\/IMG_9156-300x200.jpg 300w, https:\/\/kapliczkistrzeleckie.pl\/wp-content\/uploads\/2024\/05\/IMG_9156-768x512.jpg 768w, https:\/\/kapliczkistrzeleckie.pl\/wp-content\/uploads\/2024\/05\/IMG_9156-1536x1024.jpg 1536w, https:\/\/kapliczkistrzeleckie.pl\/wp-content\/uploads\/2024\/05\/IMG_9156.jpg 1920w\" sizes=\"(max-width: 1024px) 100vw, 1024px\" \/><\/figure><\/li><li class=\"wp-block-jetpack-slideshow_slide swiper-slide\"><figure><img loading=\"lazy\" decoding=\"async\" width=\"1024\" height=\"683\" alt=\"\" class=\"wp-block-jetpack-slideshow_image wp-image-309\" data-id=\"309\" src=\"https:\/\/kapliczkistrzeleckie.pl\/wp-content\/uploads\/2024\/05\/IMG_9158-1024x683.jpg\" srcset=\"https:\/\/kapliczkistrzeleckie.pl\/wp-content\/uploads\/2024\/05\/IMG_9158-1024x683.jpg 1024w, https:\/\/kapliczkistrzeleckie.pl\/wp-content\/uploads\/2024\/05\/IMG_9158-300x200.jpg 300w, https:\/\/kapliczkistrzeleckie.pl\/wp-content\/uploads\/2024\/05\/IMG_9158-768x512.jpg 768w, https:\/\/kapliczkistrzeleckie.pl\/wp-content\/uploads\/2024\/05\/IMG_9158-1536x1024.jpg 1536w, https:\/\/kapliczkistrzeleckie.pl\/wp-content\/uploads\/2024\/05\/IMG_9158.jpg 1920w\" sizes=\"(max-width: 1024px) 100vw, 1024px\" \/><\/figure><\/li><li class=\"wp-block-jetpack-slideshow_slide swiper-slide\"><figure><img loading=\"lazy\" decoding=\"async\" width=\"1024\" height=\"683\" alt=\"\" class=\"wp-block-jetpack-slideshow_image wp-image-310\" data-id=\"310\" src=\"https:\/\/kapliczkistrzeleckie.pl\/wp-content\/uploads\/2024\/05\/IMG_9159-1024x683.jpg\" srcset=\"https:\/\/kapliczkistrzeleckie.pl\/wp-content\/uploads\/2024\/05\/IMG_9159-1024x683.jpg 1024w, https:\/\/kapliczkistrzeleckie.pl\/wp-content\/uploads\/2024\/05\/IMG_9159-300x200.jpg 300w, https:\/\/kapliczkistrzeleckie.pl\/wp-content\/uploads\/2024\/05\/IMG_9159-768x512.jpg 768w, https:\/\/kapliczkistrzeleckie.pl\/wp-content\/uploads\/2024\/05\/IMG_9159-1536x1024.jpg 1536w, https:\/\/kapliczkistrzeleckie.pl\/wp-content\/uploads\/2024\/05\/IMG_9159.jpg 1920w\" sizes=\"(max-width: 1024px) 100vw, 1024px\" \/><\/figure><\/li><\/ul><a class=\"wp-block-jetpack-slideshow_button-prev swiper-button-prev swiper-button-white\" role=\"button\"><\/a><a class=\"wp-block-jetpack-slideshow_button-next swiper-button-next swiper-button-white\" role=\"button\"><\/a><a aria-label=\"Pause Slideshow\" class=\"wp-block-jetpack-slideshow_button-pause\" role=\"button\"><\/a><div class=\"wp-block-jetpack-slideshow_pagination swiper-pagination swiper-pagination-white\"><\/div><\/div><\/div><\/div>\n","protected":false},"excerpt":{"rendered":"<p>Krzy\u017c znajduj\u0105cy si\u0119 przy drodze w kierunku Strzelec Opolskich zosta\u0142 postawiony w 1909 lub 1902 r. Jest ca\u0142y murowany. Znajduje si\u0119 tam figurka Naj\u015bwi\u0119tszej Maryi Panny. Z boku prawdopodobnie znajduje si\u0119 informacja o wykonawcy. Napis jest s\u0142abo czytelny brzmi prawdopodobnie J. Mika (Wika) Stubendorf (obecnie Izbicko).<\/p>\n","protected":false},"author":2,"featured_media":311,"comment_status":"open","ping_status":"open","sticky":false,"template":"","format":"standard","meta":{"advanced_seo_description":"","jetpack_seo_html_title":"","jetpack_seo_noindex":false,"_jetpack_memberships_contains_paid_content":false,"footnotes":""},"categories":[29,25],"tags":[30,5],"class_list":["post-306","post","type-post","status-publish","format-standard","has-post-thumbnail","hentry","category-dolna","category-gmina-lesnica","tag-dolna","tag-krzyz"],"jetpack_featured_media_url":"https:\/\/kapliczkistrzeleckie.pl\/wp-content\/uploads\/2024\/05\/Dolna-krzyz-w-kierunku-Strzelec.jpg","jetpack_sharing_enabled":true,"_links":{"self":[{"href":"https:\/\/kapliczkistrzeleckie.pl\/index.php?rest_route=\/wp\/v2\/posts\/306","targetHints":{"allow":["GET"]}}],"collection":[{"href":"https:\/\/kapliczkistrzeleckie.pl\/index.php?rest_route=\/wp\/v2\/posts"}],"about":[{"href":"https:\/\/kapliczkistrzeleckie.pl\/index.php?rest_route=\/wp\/v2\/types\/post"}],"author":[{"embeddable":true,"href":"https:\/\/kapliczkistrzeleckie.pl\/index.php?rest_route=\/wp\/v2\/users\/2"}],"replies":[{"embeddable":true,"href":"https:\/\/kapliczkistrzeleckie.pl\/index.php?rest_route=%2Fwp%2Fv2%2Fcomments&post=306"}],"version-history":[{"count":1,"href":"https:\/\/kapliczkistrzeleckie.pl\/index.php?rest_route=\/wp\/v2\/posts\/306\/revisions"}],"predecessor-version":[{"id":312,"href":"https:\/\/kapliczkistrzeleckie.pl\/index.php?rest_route=\/wp\/v2\/posts\/306\/revisions\/312"}],"wp:featuredmedia":[{"embeddable":true,"href":"https:\/\/kapliczkistrzeleckie.pl\/index.php?rest_route=\/wp\/v2\/media\/311"}],"wp:attachment":[{"href":"https:\/\/kapliczkistrzeleckie.pl\/index.php?rest_route=%2Fwp%2Fv2%2Fmedia&parent=306"}],"wp:term":[{"taxonomy":"category","embeddable":true,"href":"https:\/\/kapliczkistrzeleckie.pl\/index.php?rest_route=%2Fwp%2Fv2%2Fcategories&post=306"},{"taxonomy":"post_tag","embeddable":true,"href":"https:\/\/kapliczkistrzeleckie.pl\/index.php?rest_route=%2Fwp%2Fv2%2Ftags&post=306"}],"curies":[{"name":"wp","href":"https:\/\/api.w.org\/{rel}","templated":true}]}}