{"id":279,"date":"2024-05-08T16:39:48","date_gmt":"2024-05-08T14:39:48","guid":{"rendered":"https:\/\/kapliczkistrzeleckie.pl\/?p=279"},"modified":"2024-05-08T16:40:38","modified_gmt":"2024-05-08T14:40:38","slug":"dolna-kapliczka-jana-nepomucena","status":"publish","type":"post","link":"https:\/\/kapliczkistrzeleckie.pl\/?p=279","title":{"rendered":"Dolna &#8211; kapliczka Jana Nepomucena"},"content":{"rendered":"\n<p>Powsta\u0142a prawdopodobnie w 2 po\u0142owie XIX w., po po\u017carze jaki nawiedzi\u0142 wie\u015b. Jest murowana i otynkowana, zbudowana na planie prostok\u0105ta, sklepiona kolebkowo, wej\u015bcie o \u0142uku p\u00f3\u0142kolistym. Wie\u0144czy j\u0105 dach siod\u0142owy, kryty dach\u00f3wk\u0105. W jej wn\u0119trzu umieszczona zosta\u0142a figura \u015bw. Jana Nepomucena. Do roku 2008 sta\u0142a po przeciwnej stronie drogi ale w zwi\u0105zku z jej przebudow\u0105 zosta\u0142a przeniesiona.<\/p>\n\n\n\n<div class=\"wp-block-jetpack-slideshow aligncenter\"><div data-effect=\"slide\"><div class=\"wp-block-jetpack-slideshow_container swiper-container\"><ul class=\"wp-block-jetpack-slideshow_swiper-wrapper swiper-wrapper\"><li class=\"wp-block-jetpack-slideshow_slide swiper-slide\"><figure><img loading=\"lazy\" decoding=\"async\" width=\"683\" height=\"1024\" alt=\"\" class=\"wp-block-jetpack-slideshow_image wp-image-282\" data-id=\"282\" src=\"https:\/\/kapliczkistrzeleckie.pl\/wp-content\/uploads\/2024\/05\/IMG_8928-1-683x1024.jpg\" srcset=\"https:\/\/kapliczkistrzeleckie.pl\/wp-content\/uploads\/2024\/05\/IMG_8928-1-683x1024.jpg 683w, https:\/\/kapliczkistrzeleckie.pl\/wp-content\/uploads\/2024\/05\/IMG_8928-1-200x300.jpg 200w, https:\/\/kapliczkistrzeleckie.pl\/wp-content\/uploads\/2024\/05\/IMG_8928-1-768x1152.jpg 768w, https:\/\/kapliczkistrzeleckie.pl\/wp-content\/uploads\/2024\/05\/IMG_8928-1-1024x1536.jpg 1024w, https:\/\/kapliczkistrzeleckie.pl\/wp-content\/uploads\/2024\/05\/IMG_8928-1.jpg 1280w\" sizes=\"(max-width: 683px) 100vw, 683px\" \/><\/figure><\/li><li class=\"wp-block-jetpack-slideshow_slide swiper-slide\"><figure><img loading=\"lazy\" decoding=\"async\" width=\"683\" height=\"1024\" alt=\"\" class=\"wp-block-jetpack-slideshow_image wp-image-283\" data-id=\"283\" src=\"https:\/\/kapliczkistrzeleckie.pl\/wp-content\/uploads\/2024\/05\/IMG_8921-683x1024.jpg\" srcset=\"https:\/\/kapliczkistrzeleckie.pl\/wp-content\/uploads\/2024\/05\/IMG_8921-683x1024.jpg 683w, https:\/\/kapliczkistrzeleckie.pl\/wp-content\/uploads\/2024\/05\/IMG_8921-200x300.jpg 200w, https:\/\/kapliczkistrzeleckie.pl\/wp-content\/uploads\/2024\/05\/IMG_8921-768x1152.jpg 768w, https:\/\/kapliczkistrzeleckie.pl\/wp-content\/uploads\/2024\/05\/IMG_8921-1024x1536.jpg 1024w, https:\/\/kapliczkistrzeleckie.pl\/wp-content\/uploads\/2024\/05\/IMG_8921.jpg 1280w\" sizes=\"(max-width: 683px) 100vw, 683px\" \/><\/figure><\/li><li class=\"wp-block-jetpack-slideshow_slide swiper-slide\"><figure><img loading=\"lazy\" decoding=\"async\" width=\"683\" height=\"1024\" alt=\"\" class=\"wp-block-jetpack-slideshow_image wp-image-284\" data-id=\"284\" src=\"https:\/\/kapliczkistrzeleckie.pl\/wp-content\/uploads\/2024\/05\/IMG_8922-683x1024.jpg\" srcset=\"https:\/\/kapliczkistrzeleckie.pl\/wp-content\/uploads\/2024\/05\/IMG_8922-683x1024.jpg 683w, https:\/\/kapliczkistrzeleckie.pl\/wp-content\/uploads\/2024\/05\/IMG_8922-200x300.jpg 200w, https:\/\/kapliczkistrzeleckie.pl\/wp-content\/uploads\/2024\/05\/IMG_8922-768x1152.jpg 768w, https:\/\/kapliczkistrzeleckie.pl\/wp-content\/uploads\/2024\/05\/IMG_8922-1024x1536.jpg 1024w, https:\/\/kapliczkistrzeleckie.pl\/wp-content\/uploads\/2024\/05\/IMG_8922.jpg 1280w\" sizes=\"(max-width: 683px) 100vw, 683px\" \/><\/figure><\/li><li class=\"wp-block-jetpack-slideshow_slide swiper-slide\"><figure><img loading=\"lazy\" decoding=\"async\" width=\"1024\" height=\"683\" alt=\"\" class=\"wp-block-jetpack-slideshow_image wp-image-285\" data-id=\"285\" src=\"https:\/\/kapliczkistrzeleckie.pl\/wp-content\/uploads\/2024\/05\/IMG_8926-1024x683.jpg\" srcset=\"https:\/\/kapliczkistrzeleckie.pl\/wp-content\/uploads\/2024\/05\/IMG_8926-1024x683.jpg 1024w, https:\/\/kapliczkistrzeleckie.pl\/wp-content\/uploads\/2024\/05\/IMG_8926-300x200.jpg 300w, https:\/\/kapliczkistrzeleckie.pl\/wp-content\/uploads\/2024\/05\/IMG_8926-768x512.jpg 768w, https:\/\/kapliczkistrzeleckie.pl\/wp-content\/uploads\/2024\/05\/IMG_8926-1536x1024.jpg 1536w, https:\/\/kapliczkistrzeleckie.pl\/wp-content\/uploads\/2024\/05\/IMG_8926.jpg 1920w\" sizes=\"(max-width: 1024px) 100vw, 1024px\" \/><\/figure><\/li><\/ul><a class=\"wp-block-jetpack-slideshow_button-prev swiper-button-prev swiper-button-white\" role=\"button\"><\/a><a class=\"wp-block-jetpack-slideshow_button-next swiper-button-next swiper-button-white\" role=\"button\"><\/a><a aria-label=\"Pause Slideshow\" class=\"wp-block-jetpack-slideshow_button-pause\" role=\"button\"><\/a><div class=\"wp-block-jetpack-slideshow_pagination swiper-pagination swiper-pagination-white\"><\/div><\/div><\/div><\/div>\n","protected":false},"excerpt":{"rendered":"<p>Powsta\u0142a prawdopodobnie w 2 po\u0142owie XIX w., po po\u017carze jaki nawiedzi\u0142 wie\u015b. Jest murowana i otynkowana, zbudowana na planie prostok\u0105ta, sklepiona kolebkowo, wej\u015bcie o \u0142uku p\u00f3\u0142kolistym. Wie\u0144czy j\u0105 dach siod\u0142owy, kryty dach\u00f3wk\u0105. W jej wn\u0119trzu umieszczona zosta\u0142a figura \u015bw. Jana Nepomucena. Do roku 2008 sta\u0142a po przeciwnej stronie drogi ale w zwi\u0105zku z jej przebudow\u0105 [&hellip;]<\/p>\n","protected":false},"author":2,"featured_media":285,"comment_status":"open","ping_status":"open","sticky":false,"template":"","format":"standard","meta":{"advanced_seo_description":"","jetpack_seo_html_title":"","jetpack_seo_noindex":false,"_jetpack_memberships_contains_paid_content":false,"footnotes":""},"categories":[29,25],"tags":[30,23,10],"class_list":["post-279","post","type-post","status-publish","format-standard","has-post-thumbnail","hentry","category-dolna","category-gmina-lesnica","tag-dolna","tag-jan-nepomucen","tag-kapliczka"],"jetpack_featured_media_url":"https:\/\/kapliczkistrzeleckie.pl\/wp-content\/uploads\/2024\/05\/IMG_8926.jpg","jetpack_sharing_enabled":true,"_links":{"self":[{"href":"https:\/\/kapliczkistrzeleckie.pl\/index.php?rest_route=\/wp\/v2\/posts\/279","targetHints":{"allow":["GET"]}}],"collection":[{"href":"https:\/\/kapliczkistrzeleckie.pl\/index.php?rest_route=\/wp\/v2\/posts"}],"about":[{"href":"https:\/\/kapliczkistrzeleckie.pl\/index.php?rest_route=\/wp\/v2\/types\/post"}],"author":[{"embeddable":true,"href":"https:\/\/kapliczkistrzeleckie.pl\/index.php?rest_route=\/wp\/v2\/users\/2"}],"replies":[{"embeddable":true,"href":"https:\/\/kapliczkistrzeleckie.pl\/index.php?rest_route=%2Fwp%2Fv2%2Fcomments&post=279"}],"version-history":[{"count":2,"href":"https:\/\/kapliczkistrzeleckie.pl\/index.php?rest_route=\/wp\/v2\/posts\/279\/revisions"}],"predecessor-version":[{"id":286,"href":"https:\/\/kapliczkistrzeleckie.pl\/index.php?rest_route=\/wp\/v2\/posts\/279\/revisions\/286"}],"wp:featuredmedia":[{"embeddable":true,"href":"https:\/\/kapliczkistrzeleckie.pl\/index.php?rest_route=\/wp\/v2\/media\/285"}],"wp:attachment":[{"href":"https:\/\/kapliczkistrzeleckie.pl\/index.php?rest_route=%2Fwp%2Fv2%2Fmedia&parent=279"}],"wp:term":[{"taxonomy":"category","embeddable":true,"href":"https:\/\/kapliczkistrzeleckie.pl\/index.php?rest_route=%2Fwp%2Fv2%2Fcategories&post=279"},{"taxonomy":"post_tag","embeddable":true,"href":"https:\/\/kapliczkistrzeleckie.pl\/index.php?rest_route=%2Fwp%2Fv2%2Ftags&post=279"}],"curies":[{"name":"wp","href":"https:\/\/api.w.org\/{rel}","templated":true}]}}