{"id":213,"date":"2023-12-10T15:43:52","date_gmt":"2023-12-10T14:43:52","guid":{"rendered":"https:\/\/kapliczkistrzeleckie.pl\/?p=213"},"modified":"2023-12-10T15:43:52","modified_gmt":"2023-12-10T14:43:52","slug":"czarnocin-kapliczka-boze-oko","status":"publish","type":"post","link":"https:\/\/kapliczkistrzeleckie.pl\/?p=213","title":{"rendered":"Czarnocin &#8211; kapliczka Bo\u017ce Oko"},"content":{"rendered":"\n<p>Bukowe lasy po\u0142o\u017cone ko\u0142o Czarnocina pe\u0142ne s\u0105 tajemniczych w\u0105woz\u00f3w, ukrytych zak\u0105tk\u00f3w i legend. Miejscowo\u015b\u0107 ta le\u017cy na kra\u0144cu gminy Le\u015bnickiej. Znana jest wszystkim ze swojej kapliczki \u201eBo\u017ce Oko\u201d. Na temat tego najwy\u017cej po\u0142o\u017conego miejsca W Czarnocinie s\u0105 dwie legendy.<\/p>\n\n\n\n<p>Pierwsza z nich m\u00f3wi o le\u015bniczym, kt\u00f3ry chodzi\u0142 na polowania wraz ze swoim psem. Jego pies kilkakrotnie powraca\u0142 na to miejsce. Zaciekawiony tym post\u0119powaniem le\u015bniczy poszed\u0142 w to miejsce i ukaza\u0142 mu si\u0119 tr\u00f3jk\u0105tny symbol Bo\u017cego Oka.<\/p>\n\n\n\n<p>Druga legenda pochodzi ju\u017c z 1485 r. Opowiada o tym, \u017ce na tym wzniesieniu kilka razy pojawi\u0142a si\u0119 \u015awi\u0119ta Anna. Po kilku dniach zobaczono, \u017ce udaje si\u0119 Ona w kierunku G\u00f3ry \u015aw. Anny. Tam ze swojej z g\u00f3ry spogl\u0105da ona na wszystkich mieszka\u0144c\u00f3w. W celu upami\u0119tnienia tego wydarzenia wybudowano tam w XV w. kapliczk\u0119 Bo\u017ce Oko. Kapliczka ta ukierunkowana zosta\u0142a w stron\u0119 G\u00f3ry \u015aw. Anny.<\/p>\n\n\n\n<p>Bo\u017ce Oko jest symbolem Bo\u017cej Opatrzno\u015bci, kt\u00f3ra towarzyszy cz\u0142owiekowi od chwili narodzin a\u017c do \u015bmierci. Od niepami\u0119tnych czas\u00f3w zawsze przed Wielkanoc\u0105 chodzi si\u0119 ze wsi do kapliczki z klekotkami. Obraz znajduj\u0105cy si\u0119 w tej kapliczce pokazuj\u0105cy oko Bo\u017ce namalowa\u0142 p. Grzegorz Bogo\u0144 z Le\u015bnicy. W dniu 5.IV.1998r. po\u015bwi\u0119cenia kaplicy dokona\u0142 ks. Proboszcz Bogdan Koczor z G\u00f3ry \u015aw. Anny.<\/p>\n\n\n\n<p>Kapliczka zosta\u0142a zniszczona przez z\u0142amane w czasie wichury drzewo. Na jej miejscu wybudowano now\u0105.<\/p>\n\n\n\n<div class=\"wp-block-jetpack-slideshow aligncenter\" data-effect=\"slide\"><div class=\"wp-block-jetpack-slideshow_container swiper-container\"><ul class=\"wp-block-jetpack-slideshow_swiper-wrapper swiper-wrapper\"><li class=\"wp-block-jetpack-slideshow_slide swiper-slide\"><figure><img loading=\"lazy\" decoding=\"async\" width=\"1024\" height=\"683\" alt=\"\" class=\"wp-block-jetpack-slideshow_image wp-image-214\" data-id=\"214\" src=\"https:\/\/kapliczkistrzeleckie.pl\/wp-content\/uploads\/2023\/12\/MG_0808-1024x683.jpg\" srcset=\"https:\/\/kapliczkistrzeleckie.pl\/wp-content\/uploads\/2023\/12\/MG_0808-1024x683.jpg 1024w, https:\/\/kapliczkistrzeleckie.pl\/wp-content\/uploads\/2023\/12\/MG_0808-300x200.jpg 300w, https:\/\/kapliczkistrzeleckie.pl\/wp-content\/uploads\/2023\/12\/MG_0808-768x512.jpg 768w, https:\/\/kapliczkistrzeleckie.pl\/wp-content\/uploads\/2023\/12\/MG_0808-1536x1024.jpg 1536w, https:\/\/kapliczkistrzeleckie.pl\/wp-content\/uploads\/2023\/12\/MG_0808.jpg 1920w\" sizes=\"(max-width: 1024px) 100vw, 1024px\" \/><\/figure><\/li><li class=\"wp-block-jetpack-slideshow_slide swiper-slide\"><figure><img loading=\"lazy\" decoding=\"async\" width=\"1024\" height=\"683\" alt=\"\" class=\"wp-block-jetpack-slideshow_image wp-image-215\" data-id=\"215\" src=\"https:\/\/kapliczkistrzeleckie.pl\/wp-content\/uploads\/2023\/12\/MG_0810-1024x683.jpg\" srcset=\"https:\/\/kapliczkistrzeleckie.pl\/wp-content\/uploads\/2023\/12\/MG_0810-1024x683.jpg 1024w, https:\/\/kapliczkistrzeleckie.pl\/wp-content\/uploads\/2023\/12\/MG_0810-300x200.jpg 300w, https:\/\/kapliczkistrzeleckie.pl\/wp-content\/uploads\/2023\/12\/MG_0810-768x512.jpg 768w, https:\/\/kapliczkistrzeleckie.pl\/wp-content\/uploads\/2023\/12\/MG_0810-1536x1024.jpg 1536w, https:\/\/kapliczkistrzeleckie.pl\/wp-content\/uploads\/2023\/12\/MG_0810.jpg 1920w\" sizes=\"(max-width: 1024px) 100vw, 1024px\" \/><\/figure><\/li><li class=\"wp-block-jetpack-slideshow_slide swiper-slide\"><figure><img loading=\"lazy\" decoding=\"async\" width=\"683\" height=\"1024\" alt=\"\" class=\"wp-block-jetpack-slideshow_image wp-image-216\" data-id=\"216\" src=\"https:\/\/kapliczkistrzeleckie.pl\/wp-content\/uploads\/2023\/12\/MG_0812-683x1024.jpg\" srcset=\"https:\/\/kapliczkistrzeleckie.pl\/wp-content\/uploads\/2023\/12\/MG_0812-683x1024.jpg 683w, https:\/\/kapliczkistrzeleckie.pl\/wp-content\/uploads\/2023\/12\/MG_0812-200x300.jpg 200w, https:\/\/kapliczkistrzeleckie.pl\/wp-content\/uploads\/2023\/12\/MG_0812-768x1152.jpg 768w, https:\/\/kapliczkistrzeleckie.pl\/wp-content\/uploads\/2023\/12\/MG_0812-1024x1536.jpg 1024w, https:\/\/kapliczkistrzeleckie.pl\/wp-content\/uploads\/2023\/12\/MG_0812.jpg 1280w\" sizes=\"(max-width: 683px) 100vw, 683px\" \/><\/figure><\/li><li class=\"wp-block-jetpack-slideshow_slide swiper-slide\"><figure><img loading=\"lazy\" decoding=\"async\" width=\"1024\" height=\"683\" alt=\"\" class=\"wp-block-jetpack-slideshow_image wp-image-217\" data-id=\"217\" src=\"https:\/\/kapliczkistrzeleckie.pl\/wp-content\/uploads\/2023\/12\/MG_0820-1024x683.jpg\" srcset=\"https:\/\/kapliczkistrzeleckie.pl\/wp-content\/uploads\/2023\/12\/MG_0820-1024x683.jpg 1024w, https:\/\/kapliczkistrzeleckie.pl\/wp-content\/uploads\/2023\/12\/MG_0820-300x200.jpg 300w, https:\/\/kapliczkistrzeleckie.pl\/wp-content\/uploads\/2023\/12\/MG_0820-768x512.jpg 768w, https:\/\/kapliczkistrzeleckie.pl\/wp-content\/uploads\/2023\/12\/MG_0820-1536x1024.jpg 1536w, https:\/\/kapliczkistrzeleckie.pl\/wp-content\/uploads\/2023\/12\/MG_0820.jpg 1920w\" sizes=\"(max-width: 1024px) 100vw, 1024px\" \/><\/figure><\/li><li class=\"wp-block-jetpack-slideshow_slide swiper-slide\"><figure><img loading=\"lazy\" decoding=\"async\" width=\"683\" height=\"1024\" alt=\"\" class=\"wp-block-jetpack-slideshow_image wp-image-218\" data-id=\"218\" src=\"https:\/\/kapliczkistrzeleckie.pl\/wp-content\/uploads\/2023\/12\/MG_0822-683x1024.jpg\" srcset=\"https:\/\/kapliczkistrzeleckie.pl\/wp-content\/uploads\/2023\/12\/MG_0822-683x1024.jpg 683w, https:\/\/kapliczkistrzeleckie.pl\/wp-content\/uploads\/2023\/12\/MG_0822-200x300.jpg 200w, https:\/\/kapliczkistrzeleckie.pl\/wp-content\/uploads\/2023\/12\/MG_0822-768x1152.jpg 768w, https:\/\/kapliczkistrzeleckie.pl\/wp-content\/uploads\/2023\/12\/MG_0822-1024x1536.jpg 1024w, https:\/\/kapliczkistrzeleckie.pl\/wp-content\/uploads\/2023\/12\/MG_0822.jpg 1280w\" sizes=\"(max-width: 683px) 100vw, 683px\" \/><\/figure><\/li><li class=\"wp-block-jetpack-slideshow_slide swiper-slide\"><figure><img loading=\"lazy\" decoding=\"async\" width=\"1024\" height=\"683\" alt=\"\" class=\"wp-block-jetpack-slideshow_image wp-image-219\" data-id=\"219\" src=\"https:\/\/kapliczkistrzeleckie.pl\/wp-content\/uploads\/2023\/12\/IMG_0513-1024x683.jpg\" srcset=\"https:\/\/kapliczkistrzeleckie.pl\/wp-content\/uploads\/2023\/12\/IMG_0513-1024x683.jpg 1024w, https:\/\/kapliczkistrzeleckie.pl\/wp-content\/uploads\/2023\/12\/IMG_0513-300x200.jpg 300w, https:\/\/kapliczkistrzeleckie.pl\/wp-content\/uploads\/2023\/12\/IMG_0513-768x512.jpg 768w, https:\/\/kapliczkistrzeleckie.pl\/wp-content\/uploads\/2023\/12\/IMG_0513-1536x1024.jpg 1536w, https:\/\/kapliczkistrzeleckie.pl\/wp-content\/uploads\/2023\/12\/IMG_0513.jpg 1920w\" sizes=\"(max-width: 1024px) 100vw, 1024px\" \/><\/figure><\/li><li class=\"wp-block-jetpack-slideshow_slide swiper-slide\"><figure><img loading=\"lazy\" decoding=\"async\" width=\"683\" height=\"1024\" alt=\"\" class=\"wp-block-jetpack-slideshow_image wp-image-220\" data-id=\"220\" src=\"https:\/\/kapliczkistrzeleckie.pl\/wp-content\/uploads\/2023\/12\/IMG_0517-683x1024.jpg\" srcset=\"https:\/\/kapliczkistrzeleckie.pl\/wp-content\/uploads\/2023\/12\/IMG_0517-683x1024.jpg 683w, https:\/\/kapliczkistrzeleckie.pl\/wp-content\/uploads\/2023\/12\/IMG_0517-200x300.jpg 200w, https:\/\/kapliczkistrzeleckie.pl\/wp-content\/uploads\/2023\/12\/IMG_0517-768x1152.jpg 768w, https:\/\/kapliczkistrzeleckie.pl\/wp-content\/uploads\/2023\/12\/IMG_0517-1024x1536.jpg 1024w, https:\/\/kapliczkistrzeleckie.pl\/wp-content\/uploads\/2023\/12\/IMG_0517.jpg 1280w\" sizes=\"(max-width: 683px) 100vw, 683px\" \/><\/figure><\/li><li class=\"wp-block-jetpack-slideshow_slide swiper-slide\"><figure><img loading=\"lazy\" decoding=\"async\" width=\"683\" height=\"1024\" alt=\"\" class=\"wp-block-jetpack-slideshow_image wp-image-221\" data-id=\"221\" src=\"https:\/\/kapliczkistrzeleckie.pl\/wp-content\/uploads\/2023\/12\/IMG_0519-683x1024.jpg\" srcset=\"https:\/\/kapliczkistrzeleckie.pl\/wp-content\/uploads\/2023\/12\/IMG_0519-683x1024.jpg 683w, https:\/\/kapliczkistrzeleckie.pl\/wp-content\/uploads\/2023\/12\/IMG_0519-200x300.jpg 200w, https:\/\/kapliczkistrzeleckie.pl\/wp-content\/uploads\/2023\/12\/IMG_0519-768x1152.jpg 768w, https:\/\/kapliczkistrzeleckie.pl\/wp-content\/uploads\/2023\/12\/IMG_0519-1024x1536.jpg 1024w, https:\/\/kapliczkistrzeleckie.pl\/wp-content\/uploads\/2023\/12\/IMG_0519.jpg 1280w\" sizes=\"(max-width: 683px) 100vw, 683px\" \/><\/figure><\/li><li class=\"wp-block-jetpack-slideshow_slide swiper-slide\"><figure><img loading=\"lazy\" decoding=\"async\" width=\"1024\" height=\"738\" alt=\"\" class=\"wp-block-jetpack-slideshow_image wp-image-222\" data-id=\"222\" src=\"https:\/\/kapliczkistrzeleckie.pl\/wp-content\/uploads\/2023\/12\/IMG_0810-1024x738.jpg\" srcset=\"https:\/\/kapliczkistrzeleckie.pl\/wp-content\/uploads\/2023\/12\/IMG_0810-1024x738.jpg 1024w, https:\/\/kapliczkistrzeleckie.pl\/wp-content\/uploads\/2023\/12\/IMG_0810-300x216.jpg 300w, https:\/\/kapliczkistrzeleckie.pl\/wp-content\/uploads\/2023\/12\/IMG_0810-768x554.jpg 768w, https:\/\/kapliczkistrzeleckie.pl\/wp-content\/uploads\/2023\/12\/IMG_0810-1536x1107.jpg 1536w, https:\/\/kapliczkistrzeleckie.pl\/wp-content\/uploads\/2023\/12\/IMG_0810.jpg 1920w\" sizes=\"(max-width: 1024px) 100vw, 1024px\" \/><\/figure><\/li><li class=\"wp-block-jetpack-slideshow_slide swiper-slide\"><figure><img loading=\"lazy\" decoding=\"async\" width=\"1024\" height=\"683\" alt=\"\" class=\"wp-block-jetpack-slideshow_image wp-image-223\" data-id=\"223\" src=\"https:\/\/kapliczkistrzeleckie.pl\/wp-content\/uploads\/2023\/12\/IMG_5957-1024x683.jpg\" srcset=\"https:\/\/kapliczkistrzeleckie.pl\/wp-content\/uploads\/2023\/12\/IMG_5957-1024x683.jpg 1024w, https:\/\/kapliczkistrzeleckie.pl\/wp-content\/uploads\/2023\/12\/IMG_5957-300x200.jpg 300w, https:\/\/kapliczkistrzeleckie.pl\/wp-content\/uploads\/2023\/12\/IMG_5957-768x512.jpg 768w, https:\/\/kapliczkistrzeleckie.pl\/wp-content\/uploads\/2023\/12\/IMG_5957-1536x1024.jpg 1536w, https:\/\/kapliczkistrzeleckie.pl\/wp-content\/uploads\/2023\/12\/IMG_5957.jpg 1920w\" sizes=\"(max-width: 1024px) 100vw, 1024px\" \/><\/figure><\/li><li class=\"wp-block-jetpack-slideshow_slide swiper-slide\"><figure><img loading=\"lazy\" decoding=\"async\" width=\"1024\" height=\"683\" alt=\"\" class=\"wp-block-jetpack-slideshow_image wp-image-224\" data-id=\"224\" src=\"https:\/\/kapliczkistrzeleckie.pl\/wp-content\/uploads\/2023\/12\/IMG_5970-1024x683.jpg\" srcset=\"https:\/\/kapliczkistrzeleckie.pl\/wp-content\/uploads\/2023\/12\/IMG_5970-1024x683.jpg 1024w, https:\/\/kapliczkistrzeleckie.pl\/wp-content\/uploads\/2023\/12\/IMG_5970-300x200.jpg 300w, https:\/\/kapliczkistrzeleckie.pl\/wp-content\/uploads\/2023\/12\/IMG_5970-768x512.jpg 768w, https:\/\/kapliczkistrzeleckie.pl\/wp-content\/uploads\/2023\/12\/IMG_5970-1536x1024.jpg 1536w, https:\/\/kapliczkistrzeleckie.pl\/wp-content\/uploads\/2023\/12\/IMG_5970.jpg 1920w\" sizes=\"(max-width: 1024px) 100vw, 1024px\" \/><\/figure><\/li><\/ul><a class=\"wp-block-jetpack-slideshow_button-prev swiper-button-prev swiper-button-white\" role=\"button\"><\/a><a class=\"wp-block-jetpack-slideshow_button-next swiper-button-next swiper-button-white\" role=\"button\"><\/a><a aria-label=\"Pause Slideshow\" class=\"wp-block-jetpack-slideshow_button-pause\" role=\"button\"><\/a><div class=\"wp-block-jetpack-slideshow_pagination swiper-pagination swiper-pagination-white\"><\/div><\/div><\/div>\n","protected":false},"excerpt":{"rendered":"<p>Bukowe lasy po\u0142o\u017cone ko\u0142o Czarnocina pe\u0142ne s\u0105 tajemniczych w\u0105woz\u00f3w, ukrytych zak\u0105tk\u00f3w i legend. Miejscowo\u015b\u0107 ta le\u017cy na kra\u0144cu gminy Le\u015bnickiej. Znana jest wszystkim ze swojej kapliczki \u201eBo\u017ce Oko\u201d. Na temat tego najwy\u017cej po\u0142o\u017conego miejsca W Czarnocinie s\u0105 dwie legendy. Pierwsza z nich m\u00f3wi o le\u015bniczym, kt\u00f3ry chodzi\u0142 na polowania wraz ze swoim psem. Jego pies [&hellip;]<\/p>\n","protected":false},"author":2,"featured_media":223,"comment_status":"open","ping_status":"open","sticky":false,"template":"","format":"standard","meta":{"advanced_seo_description":"","jetpack_seo_html_title":"","jetpack_seo_noindex":false,"_jetpack_memberships_contains_paid_content":false,"footnotes":""},"categories":[26,25],"tags":[27,10],"class_list":["post-213","post","type-post","status-publish","format-standard","has-post-thumbnail","hentry","category-czarnocin","category-gmina-lesnica","tag-czarnocin","tag-kapliczka"],"jetpack_featured_media_url":"https:\/\/kapliczkistrzeleckie.pl\/wp-content\/uploads\/2023\/12\/IMG_5957.jpg","jetpack_sharing_enabled":true,"_links":{"self":[{"href":"https:\/\/kapliczkistrzeleckie.pl\/index.php?rest_route=\/wp\/v2\/posts\/213","targetHints":{"allow":["GET"]}}],"collection":[{"href":"https:\/\/kapliczkistrzeleckie.pl\/index.php?rest_route=\/wp\/v2\/posts"}],"about":[{"href":"https:\/\/kapliczkistrzeleckie.pl\/index.php?rest_route=\/wp\/v2\/types\/post"}],"author":[{"embeddable":true,"href":"https:\/\/kapliczkistrzeleckie.pl\/index.php?rest_route=\/wp\/v2\/users\/2"}],"replies":[{"embeddable":true,"href":"https:\/\/kapliczkistrzeleckie.pl\/index.php?rest_route=%2Fwp%2Fv2%2Fcomments&post=213"}],"version-history":[{"count":1,"href":"https:\/\/kapliczkistrzeleckie.pl\/index.php?rest_route=\/wp\/v2\/posts\/213\/revisions"}],"predecessor-version":[{"id":225,"href":"https:\/\/kapliczkistrzeleckie.pl\/index.php?rest_route=\/wp\/v2\/posts\/213\/revisions\/225"}],"wp:featuredmedia":[{"embeddable":true,"href":"https:\/\/kapliczkistrzeleckie.pl\/index.php?rest_route=\/wp\/v2\/media\/223"}],"wp:attachment":[{"href":"https:\/\/kapliczkistrzeleckie.pl\/index.php?rest_route=%2Fwp%2Fv2%2Fmedia&parent=213"}],"wp:term":[{"taxonomy":"category","embeddable":true,"href":"https:\/\/kapliczkistrzeleckie.pl\/index.php?rest_route=%2Fwp%2Fv2%2Fcategories&post=213"},{"taxonomy":"post_tag","embeddable":true,"href":"https:\/\/kapliczkistrzeleckie.pl\/index.php?rest_route=%2Fwp%2Fv2%2Ftags&post=213"}],"curies":[{"name":"wp","href":"https:\/\/api.w.org\/{rel}","templated":true}]}}