{"id":10,"date":"2023-10-15T19:42:28","date_gmt":"2023-10-15T17:42:28","guid":{"rendered":"http:\/\/kapliczkistrzeleckie.pl\/?p=10"},"modified":"2023-10-22T17:39:17","modified_gmt":"2023-10-22T15:39:17","slug":"balcarzowice-krzyz-na-kobylinie","status":"publish","type":"post","link":"https:\/\/kapliczkistrzeleckie.pl\/?p=10","title":{"rendered":"Balcarzowice &#8211; krzy\u017c na Kobylinie"},"content":{"rendered":"\n<p>Ten drewniany krzy\u017c zosta\u0142 wzniesiony oko\u0142o 1920 r., aby upami\u0119tni\u0107 \u017co\u0142nierzy poleg\u0142ych w czasie I wojny \u015bwiatowej. Cia\u0142a spoczywaj\u0105cych w tym miejscu \u017co\u0142nierzy zosta\u0142y w 1922 r. przewiezione na centralny cmentarz w K\u0119dzierzynie \u2013 Ko\u017alu.<\/p>\n\n\n\n<p>Stoj\u0105cy obecnie krzy\u017c zosta\u0142 odnowiony w 1993 r. i do dzisiejszego dnia mieszka\u0144cy wsi otaczaj\u0105 go swoja opiek\u0105.<\/p>\n\n\n\n<div class=\"wp-block-jetpack-slideshow aligncenter\" data-effect=\"slide\"><div class=\"wp-block-jetpack-slideshow_container swiper-container\"><ul class=\"wp-block-jetpack-slideshow_swiper-wrapper swiper-wrapper\"><li class=\"wp-block-jetpack-slideshow_slide swiper-slide\"><figure><img loading=\"lazy\" decoding=\"async\" width=\"679\" height=\"1024\" alt=\"\" class=\"wp-block-jetpack-slideshow_image wp-image-27\" data-id=\"27\" src=\"https:\/\/kapliczkistrzeleckie.pl\/wp-content\/uploads\/2023\/10\/Balcarzowice-Krzyz_na_Kobylinie-679x1024.jpg\" srcset=\"https:\/\/kapliczkistrzeleckie.pl\/wp-content\/uploads\/2023\/10\/Balcarzowice-Krzyz_na_Kobylinie-679x1024.jpg 679w, https:\/\/kapliczkistrzeleckie.pl\/wp-content\/uploads\/2023\/10\/Balcarzowice-Krzyz_na_Kobylinie-199x300.jpg 199w, https:\/\/kapliczkistrzeleckie.pl\/wp-content\/uploads\/2023\/10\/Balcarzowice-Krzyz_na_Kobylinie-768x1158.jpg 768w, https:\/\/kapliczkistrzeleckie.pl\/wp-content\/uploads\/2023\/10\/Balcarzowice-Krzyz_na_Kobylinie-1019x1536.jpg 1019w, https:\/\/kapliczkistrzeleckie.pl\/wp-content\/uploads\/2023\/10\/Balcarzowice-Krzyz_na_Kobylinie.jpg 1024w\" sizes=\"(max-width: 679px) 100vw, 679px\" \/><\/figure><\/li><li class=\"wp-block-jetpack-slideshow_slide swiper-slide\"><figure><img loading=\"lazy\" decoding=\"async\" width=\"683\" height=\"1024\" alt=\"\" class=\"wp-block-jetpack-slideshow_image wp-image-26\" data-id=\"26\" src=\"https:\/\/kapliczkistrzeleckie.pl\/wp-content\/uploads\/2023\/10\/Balcarzowice-Krzyz_na_Kobylinie_2-683x1024.jpg\" srcset=\"https:\/\/kapliczkistrzeleckie.pl\/wp-content\/uploads\/2023\/10\/Balcarzowice-Krzyz_na_Kobylinie_2-683x1024.jpg 683w, https:\/\/kapliczkistrzeleckie.pl\/wp-content\/uploads\/2023\/10\/Balcarzowice-Krzyz_na_Kobylinie_2-200x300.jpg 200w, https:\/\/kapliczkistrzeleckie.pl\/wp-content\/uploads\/2023\/10\/Balcarzowice-Krzyz_na_Kobylinie_2-768x1152.jpg 768w, https:\/\/kapliczkistrzeleckie.pl\/wp-content\/uploads\/2023\/10\/Balcarzowice-Krzyz_na_Kobylinie_2-1024x1536.jpg 1024w, https:\/\/kapliczkistrzeleckie.pl\/wp-content\/uploads\/2023\/10\/Balcarzowice-Krzyz_na_Kobylinie_2.jpg 1280w\" sizes=\"(max-width: 683px) 100vw, 683px\" \/><\/figure><\/li><li class=\"wp-block-jetpack-slideshow_slide swiper-slide\"><figure><img loading=\"lazy\" decoding=\"async\" width=\"1024\" height=\"682\" alt=\"Balcarzowice - krzy\u017c na Kobylinie\" class=\"wp-block-jetpack-slideshow_image wp-image-11\" data-id=\"11\" src=\"https:\/\/kapliczkistrzeleckie.pl\/wp-content\/uploads\/2023\/10\/Balcarzowice-kobylina-1024x682.jpg\" srcset=\"https:\/\/kapliczkistrzeleckie.pl\/wp-content\/uploads\/2023\/10\/Balcarzowice-kobylina-1024x682.jpg 1024w, https:\/\/kapliczkistrzeleckie.pl\/wp-content\/uploads\/2023\/10\/Balcarzowice-kobylina-300x200.jpg 300w, https:\/\/kapliczkistrzeleckie.pl\/wp-content\/uploads\/2023\/10\/Balcarzowice-kobylina-768x512.jpg 768w, https:\/\/kapliczkistrzeleckie.pl\/wp-content\/uploads\/2023\/10\/Balcarzowice-kobylina.jpg 1400w\" sizes=\"(max-width: 1024px) 100vw, 1024px\" \/><\/figure><\/li><\/ul><a class=\"wp-block-jetpack-slideshow_button-prev swiper-button-prev swiper-button-white\" role=\"button\"><\/a><a class=\"wp-block-jetpack-slideshow_button-next swiper-button-next swiper-button-white\" role=\"button\"><\/a><a aria-label=\"Pause Slideshow\" class=\"wp-block-jetpack-slideshow_button-pause\" role=\"button\"><\/a><div class=\"wp-block-jetpack-slideshow_pagination swiper-pagination swiper-pagination-white\"><\/div><\/div><\/div>\n","protected":false},"excerpt":{"rendered":"<p>Ten drewniany krzy\u017c zosta\u0142 wzniesiony oko\u0142o 1920 r., aby upami\u0119tni\u0107 \u017co\u0142nierzy poleg\u0142ych w czasie I wojny \u015bwiatowej. Cia\u0142a spoczywaj\u0105cych w tym miejscu \u017co\u0142nierzy zosta\u0142y w 1922 r. przewiezione na centralny cmentarz w K\u0119dzierzynie \u2013 Ko\u017alu. Stoj\u0105cy obecnie krzy\u017c zosta\u0142 odnowiony w 1993 r. i do dzisiejszego dnia mieszka\u0144cy wsi otaczaj\u0105 go swoja opiek\u0105.<\/p>\n","protected":false},"author":2,"featured_media":11,"comment_status":"open","ping_status":"open","sticky":false,"template":"","format":"standard","meta":{"advanced_seo_description":"","jetpack_seo_html_title":"","jetpack_seo_noindex":false,"_jetpack_memberships_contains_paid_content":false,"footnotes":""},"categories":[3,2],"tags":[4,6,5],"class_list":["post-10","post","type-post","status-publish","format-standard","has-post-thumbnail","hentry","category-balcarzowice","category-gmina-ujazd","tag-balcarzowice","tag-kobylina","tag-krzyz"],"jetpack_featured_media_url":"https:\/\/kapliczkistrzeleckie.pl\/wp-content\/uploads\/2023\/10\/Balcarzowice-kobylina.jpg","jetpack_sharing_enabled":true,"_links":{"self":[{"href":"https:\/\/kapliczkistrzeleckie.pl\/index.php?rest_route=\/wp\/v2\/posts\/10","targetHints":{"allow":["GET"]}}],"collection":[{"href":"https:\/\/kapliczkistrzeleckie.pl\/index.php?rest_route=\/wp\/v2\/posts"}],"about":[{"href":"https:\/\/kapliczkistrzeleckie.pl\/index.php?rest_route=\/wp\/v2\/types\/post"}],"author":[{"embeddable":true,"href":"https:\/\/kapliczkistrzeleckie.pl\/index.php?rest_route=\/wp\/v2\/users\/2"}],"replies":[{"embeddable":true,"href":"https:\/\/kapliczkistrzeleckie.pl\/index.php?rest_route=%2Fwp%2Fv2%2Fcomments&post=10"}],"version-history":[{"count":5,"href":"https:\/\/kapliczkistrzeleckie.pl\/index.php?rest_route=\/wp\/v2\/posts\/10\/revisions"}],"predecessor-version":[{"id":29,"href":"https:\/\/kapliczkistrzeleckie.pl\/index.php?rest_route=\/wp\/v2\/posts\/10\/revisions\/29"}],"wp:featuredmedia":[{"embeddable":true,"href":"https:\/\/kapliczkistrzeleckie.pl\/index.php?rest_route=\/wp\/v2\/media\/11"}],"wp:attachment":[{"href":"https:\/\/kapliczkistrzeleckie.pl\/index.php?rest_route=%2Fwp%2Fv2%2Fmedia&parent=10"}],"wp:term":[{"taxonomy":"category","embeddable":true,"href":"https:\/\/kapliczkistrzeleckie.pl\/index.php?rest_route=%2Fwp%2Fv2%2Fcategories&post=10"},{"taxonomy":"post_tag","embeddable":true,"href":"https:\/\/kapliczkistrzeleckie.pl\/index.php?rest_route=%2Fwp%2Fv2%2Ftags&post=10"}],"curies":[{"name":"wp","href":"https:\/\/api.w.org\/{rel}","templated":true}]}}